{"id":1,"date":"2010-05-04T19:49:48","date_gmt":"2010-05-04T17:49:48","guid":{"rendered":"http:\/\/creativejuiz.fr\/blog\/?p=1"},"modified":"2015-06-22T15:13:27","modified_gmt":"2015-06-22T13:13:27","slug":"bonjour-tout-le-monde","status":"publish","type":"post","link":"https:\/\/www.creativejuiz.fr\/blog\/actualites-diverses\/bonjour-tout-le-monde","title":{"rendered":"Ouverture du blog CreativeJuiz"},"content":{"rendered":"<p>Bonsoir \u00e0 toutes et \u00e0 tous !<\/p>\n<p>C&rsquo;est apr\u00e8s une mure r\u00e9flexion que je me d\u00e9cide enfin \u00e0 ouvrir un blog li\u00e9 \u00e0 <a title=\"Visiter mon book en ligne (Webdesign, int\u00e9gration et d\u00e9veloppement)\" href=\"http:\/\/creativejuiz.fr\/book-infographiste\/\">mon book en ligne<\/a> ainsi qu&rsquo;\u00e0 mes diverses activit\u00e9s d&rsquo;infographiste.<br \/>\nPour ne pas reprendre enti\u00e8rement le contenu de la page <a title=\"A propos du blog CreativeJuiz\" href=\"?page_id=2\">A propos<\/a> je vais essayer de parler d&rsquo;autre chose&#8230;<!--more--><\/p>\n<p>D&rsquo;accord, mais de quoi ?<\/p>\n<p>Ah, mais si ! Pourquoi ai-je attendu pour ouvrir ce blog ?<br \/>\nLa raison est simple , je n&rsquo;avais rien \u00e0 mettre dedans avant cette r\u00e9flexion qui m&rsquo;a permis de trouver un leitmotiv.<br \/>\nVous me direz, la veille technologique ou graphique est d\u00e9j\u00e0 abord\u00e9e \u00e0 toutes les sauces, et c&rsquo;est bien vrai !<br \/>\nMais mon fil rouge ne r\u00e9side pas uniquement sur ce type de publication, un service apr\u00e8s vente de tutoriel sera mis en place !<\/p>\n<h2>Le S.A.V. des tuto !<\/h2>\n<p>Vous vous demandez ce que \u00e7a peut cacher ! (sauf si vous avez lu la page <em>A propos<\/em>&#8230; d\u00e9cid\u00e9ment je me r\u00e9p\u00e8te)<br \/>\nJe suis actuellement r\u00e9dacteur occasionnel de tutoriels pour le magazine Webdesign, et comme vous vous en doutez r\u00e9diger un tuto pour un magazine implique forc\u00e9ment des contraintes r\u00e9dactionnelles et visuelles. C&rsquo;est pourquoi ce blog vous offrira l&rsquo;opportunit\u00e9 de crier quand mes tutoriels ne vous plairont pas ! Bien plus s\u00e9rieusement, vous pourrez pr\u00e9senter et comparer vos rendus, discuter autour du magazine ou de mes tutoriels afin d&rsquo;avoir davantage d&rsquo;informations ou de d\u00e9tails sur ces derniers.<\/p>\n<h2>Design du blog<\/h2>\n<p>Le blog est v\u00eatu d&rsquo;un design con\u00e7u dans la semaine en urgence (enfin presque), il va donc subir quelques am\u00e9liorations ou retouches pendant le mois qui va suivre, question de vous fournir une interface agr\u00e9able pour accompagner le contenu.<br \/>\nIl y a des designs repoussants, j&rsquo;esp\u00e8re que celui-ci ne vous fera pas fuir ! Si c&rsquo;\u00e9tait le cas je prends volontiers les critiques.<br \/>\nA tr\u00e8s bient\u00f4t !<\/p>\n<p><em class=\"sources\">PS : Oui oui, pour le slogan c&rsquo;est bien un gros plagia ! La preuve dans les mots-clefs&#8230;<\/em><\/p>\n","protected":false},"excerpt":{"rendered":"<p>Bonsoir \u00e0 toutes et \u00e0 tous ! C&rsquo;est apr\u00e8s une mure r\u00e9flexion que je me d\u00e9cide enfin \u00e0 ouvrir un blog li\u00e9 \u00e0 mon book en ligne ainsi qu&rsquo;\u00e0 mes diverses activit\u00e9s d&rsquo;infographiste. Pour ne pas reprendre enti\u00e8rement le contenu de la page A propos je vais essayer de parler d&rsquo;autre chose&#8230;<\/p>\n","protected":false},"author":4,"featured_media":0,"comment_status":"open","ping_status":"open","sticky":false,"template":"","format":"standard","meta":{"_acf_changed":false,"_bluesky_dont_syndicate":"","_bluesky_syndication_accounts":"","_bluesky_syndication_text":"","footnotes":""},"categories":[63],"tags":[89,6,7,5,40,4],"coauthors":[597],"class_list":["post-1","post","type-post","status-publish","format-standard","hentry","category-actualites-diverses","tag-blog","tag-creativejuiz","tag-infographie","tag-magazine","tag-oasis","tag-webdesign"],"acf":[],"aioseo_notices":[],"_links":{"self":[{"href":"https:\/\/www.creativejuiz.fr\/blog\/wp-json\/wp\/v2\/posts\/1","targetHints":{"allow":["GET"]}}],"collection":[{"href":"https:\/\/www.creativejuiz.fr\/blog\/wp-json\/wp\/v2\/posts"}],"about":[{"href":"https:\/\/www.creativejuiz.fr\/blog\/wp-json\/wp\/v2\/types\/post"}],"author":[{"embeddable":true,"href":"https:\/\/www.creativejuiz.fr\/blog\/wp-json\/wp\/v2\/users\/4"}],"replies":[{"embeddable":true,"href":"https:\/\/www.creativejuiz.fr\/blog\/wp-json\/wp\/v2\/comments?post=1"}],"version-history":[{"count":0,"href":"https:\/\/www.creativejuiz.fr\/blog\/wp-json\/wp\/v2\/posts\/1\/revisions"}],"wp:attachment":[{"href":"https:\/\/www.creativejuiz.fr\/blog\/wp-json\/wp\/v2\/media?parent=1"}],"wp:term":[{"taxonomy":"category","embeddable":true,"href":"https:\/\/www.creativejuiz.fr\/blog\/wp-json\/wp\/v2\/categories?post=1"},{"taxonomy":"post_tag","embeddable":true,"href":"https:\/\/www.creativejuiz.fr\/blog\/wp-json\/wp\/v2\/tags?post=1"},{"taxonomy":"author","embeddable":true,"href":"https:\/\/www.creativejuiz.fr\/blog\/wp-json\/wp\/v2\/coauthors?post=1"}],"curies":[{"name":"wp","href":"https:\/\/api.w.org\/{rel}","templated":true}]}}