{"id":1122,"date":"2011-03-14T20:44:23","date_gmt":"2011-03-14T19:44:23","guid":{"rendered":"https:\/\/www.creativejuiz.fr\/blog\/?p=1122"},"modified":"2015-01-18T16:35:05","modified_gmt":"2015-01-18T15:35:05","slug":"europe-cologie-comment-les-croire","status":"publish","type":"post","link":"https:\/\/www.creativejuiz.fr\/blog\/actualites-diverses\/europe-cologie-comment-les-croire","title":{"rendered":"Europe &Eacute;cologie, comment les croire ?"},"content":{"rendered":"<p>Bien que la volont\u00e9 des Verts (Europe &Eacute;cologie Les Verts, pour leur nom complet) puisse \u00eatre louable, la mani\u00e8re de faire passer leurs messages reste tout de m\u00eame assez critiquable. Je me permets donc de le faire, tout en invitant les lecteurs \u00e0 prendre mes propos comme simple avis personnel et invitation \u00e0 la r\u00e9flexion.<!--more--><\/p>\n<h2>Il \u00e9tait une fois (ma vie)<\/h2>\n<p>En rentrant du boulot ce soir, je r\u00e9cup\u00e8re mon courrier et constate que Les Verts m&rsquo;ont laiss\u00e9 un super d\u00e9pliant, comme si je n&rsquo;avais pas assez de lecture ces derniers temps. (il y aurait des \u00e9lections bient\u00f4t ou j&rsquo;ai r\u00e2t\u00e9 quelque chose ? :p)<\/p>\n<p>Le d\u00e9pliant ? Le voici :<\/p>\n<p class=\"center\"><img decoding=\"async\" src=\"https:\/\/www.creativejuiz.fr\/blog\/wp-content\/uploads\/2011\/03\/depliant-les-verts.jpg\" alt=\"D\u00e9pliant format A3 papier\" title=\"\" width=\"550\" height=\"346\" class=\"aligncenter size-full wp-image-1123\" srcset=\"https:\/\/www.creativejuiz.fr\/blog\/wp-content\/uploads\/2011\/03\/depliant-les-verts.jpg 550w, https:\/\/www.creativejuiz.fr\/blog\/wp-content\/uploads\/2011\/03\/depliant-les-verts-300x188.jpg 300w\" sizes=\"(max-width: 550px) 100vw, 550px\" \/><\/p>\n<p>Ce n&rsquo;est peut-\u00eatre pas \u00e9vident \u00e0 premi\u00e8re vue, mais il s&rsquo;agit d&rsquo;un format A3 pli\u00e9 (deux volets), 170g et pelliculage mat, mais je ne suis pas un expert <em lang=\"en\">print<\/em>, c&rsquo;est vraiment \u00e0 vue de pied.<\/p>\n<p>Quel meilleur moyen pour ne pas faire passer le message \u00e9cologique que voudraient porter les textes de ce document (que je n&rsquo;ai pas lu, du coup) ? (!)<\/p>\n<ul>\n<li>pas de papier recycl\u00e9<\/li>\n<li>papier tr\u00e8s \u00e9pais<\/li>\n<li>aucune mention \u00ab\u00a0ne pas jeter sur la voie publique\u00a0\u00bb (car j&rsquo;imagine que ces prospectus ne seront pas distribu\u00e9s uniquement dans les bo\u00eetes \u00e0 lettre)<\/li>\n<\/ul>\n<p>L&rsquo;exemple \u00e9duque, parait-il \ud83d\ude09<\/p>\n<p>C&rsquo;est l\u00e0 que je me suis dit, pour faire passer une message \u00e9cologique tu commences par diminuer le format, m\u00eame si tu as plein de choses int\u00e9ressantes \u00e0 dire, la synth\u00e8se ne fait pas de mal.<br \/>\nEnsuite tu vois du c\u00f4t\u00e9 du papier recycl\u00e9, si ton imprimeur ne le fait pas tu en changes.<br \/>\nPuis si tu veux parler beaucoup tu mets l&rsquo;adresse de ton site Internet ou blog (\u00e7a ils l&rsquo;ont fait !).<\/p>\n<p>Du coup je reviens de ma visite du site officiel&#8230; Petit bonus&#8230;<\/p>\n<h2>Bonux site Web<\/h2>\n<p>Petit tour sur le <a href=\"http:\/\/www.eelv.fr\/\" title=\"Le site officiel des Verts (nouvelle fen\u00eatre)\" target=\"_blank\">site Internet des Verts<\/a>, menu d\u00e9roulant, premier lien \u00ab\u00a0Actualit\u00e9\u00a0\u00bb, lien \u00ab\u00a0Communiqu\u00e9s\u00a0\u00bb&#8230; et l\u00e0, c&rsquo;est le drame. Pour ceux qui pr\u00e9f\u00e8rent les images aux tests en direct (d\u00e9sol\u00e9 pour la compression, je ne voulais pas vous faire charger une image de 600<abbr>ko<\/abbr>) :<\/p>\n<p class=\"center\"><img decoding=\"async\" src=\"https:\/\/www.creativejuiz.fr\/blog\/wp-content\/uploads\/2011\/03\/menu-deroulant-les-verts.png\" alt=\"\" title=\"\" width=\"591\" height=\"3230\" class=\"aligncenter size-full wp-image-1126\" \/><\/p>\n<p>Soit un menu d\u00e9roulant de pr\u00e8s de 3250 pixels de haut, et qui passe m\u00eame sous le pied de page tellement il est long (si si, \u00e0 la fin il y a encore des liens cach\u00e9s par les blocs d&rsquo;<abbr title=\"Applications Programming Interfaces\">APIs<\/abbr> des r\u00e9seaux sociaux).<\/p>\n<p>Rien \u00e0 voir avec le d\u00e9pliant papier, je vous l&rsquo;accorde, c&rsquo;\u00e9tait juste pour vous faire partager ce moment de bonheur.<\/p>\n<p>Bonne soir\u00e9e \ud83d\ude09<\/p>\n<div class=\"sources\">\n<h2>Liens utiles<\/h2>\n<ul>\n<li><a href=\"http:\/\/www.printcarrier.com\/fr\/category-14156\/Produits-%C3%A9cologiques-.html\" title=\"Imprimeur Print Carrier et produits \u00e9cologiques (nouvelle fen\u00eatre)\" target=\"_blank\">Produits d&rsquo;impression \u00e9cologiques<\/a><\/li>\n<li><a href=\"http:\/\/www.eelv.fr\/\" title=\"Le site officiel des Verts (nouvelle fen\u00eatre)\" target=\"_blank\">Le site Internet des Verts<\/a><\/li>\n<\/ul>\n<\/div>\n","protected":false},"excerpt":{"rendered":"<p>Bien que la volont\u00e9 des Verts (Europe &Eacute;cologie Les Verts, pour leur nom complet) puisse \u00eatre louable, la mani\u00e8re de faire passer leurs messages reste tout de m\u00eame assez critiquable. Je me permets donc de le faire, tout en invitant les lecteurs \u00e0 prendre mes propos comme simple avis personnel et invitation \u00e0 la r\u00e9flexion.<\/p>\n","protected":false},"author":4,"featured_media":1128,"comment_status":"open","ping_status":"open","sticky":false,"template":"","format":"standard","meta":{"_acf_changed":false,"_bluesky_dont_syndicate":"","_bluesky_syndication_accounts":"","_bluesky_syndication_text":"","footnotes":""},"categories":[63],"tags":[330,332,331,333],"coauthors":[597],"class_list":["post-1122","post","type-post","status-publish","format-standard","has-post-thumbnail","hentry","category-actualites-diverses","tag-ah-ah-ah","tag-ecologie","tag-politique","tag-print"],"acf":[],"aioseo_notices":[],"_links":{"self":[{"href":"https:\/\/www.creativejuiz.fr\/blog\/wp-json\/wp\/v2\/posts\/1122","targetHints":{"allow":["GET"]}}],"collection":[{"href":"https:\/\/www.creativejuiz.fr\/blog\/wp-json\/wp\/v2\/posts"}],"about":[{"href":"https:\/\/www.creativejuiz.fr\/blog\/wp-json\/wp\/v2\/types\/post"}],"author":[{"embeddable":true,"href":"https:\/\/www.creativejuiz.fr\/blog\/wp-json\/wp\/v2\/users\/4"}],"replies":[{"embeddable":true,"href":"https:\/\/www.creativejuiz.fr\/blog\/wp-json\/wp\/v2\/comments?post=1122"}],"version-history":[{"count":0,"href":"https:\/\/www.creativejuiz.fr\/blog\/wp-json\/wp\/v2\/posts\/1122\/revisions"}],"wp:featuredmedia":[{"embeddable":true,"href":"https:\/\/www.creativejuiz.fr\/blog\/wp-json\/wp\/v2\/media\/1128"}],"wp:attachment":[{"href":"https:\/\/www.creativejuiz.fr\/blog\/wp-json\/wp\/v2\/media?parent=1122"}],"wp:term":[{"taxonomy":"category","embeddable":true,"href":"https:\/\/www.creativejuiz.fr\/blog\/wp-json\/wp\/v2\/categories?post=1122"},{"taxonomy":"post_tag","embeddable":true,"href":"https:\/\/www.creativejuiz.fr\/blog\/wp-json\/wp\/v2\/tags?post=1122"},{"taxonomy":"author","embeddable":true,"href":"https:\/\/www.creativejuiz.fr\/blog\/wp-json\/wp\/v2\/coauthors?post=1122"}],"curies":[{"name":"wp","href":"https:\/\/api.w.org\/{rel}","templated":true}]}}