{"id":1486,"date":"2011-09-22T08:35:03","date_gmt":"2011-09-22T06:35:03","guid":{"rendered":"https:\/\/www.creativejuiz.fr\/blog\/?p=1486"},"modified":"2015-01-18T16:24:15","modified_gmt":"2015-01-18T15:24:15","slug":"magazine-web-design-e-commerce-hs-10-comparatif-wordpress","status":"publish","type":"post","link":"https:\/\/www.creativejuiz.fr\/blog\/tutoriels\/magazine-web-design-e-commerce-hs-10-comparatif-wordpress","title":{"rendered":"Magazine Web Design e-commerce HS 10 &#8211; Comparatif WordPress"},"content":{"rendered":"<p>Peut-\u00eatre avez-vous entendu parler du salon e-commerce qui s&rsquo;est d\u00e9roul\u00e9 les 11, 12 et 13 Septembre derniers.<br \/>\nJe n&rsquo;y \u00e9tais pas personnellement, mais des retours que j&rsquo;en ai eu, ce salon fut fort en diversit\u00e9 et en strat\u00e9gie. L&rsquo;e-commerce, \u00e7a marche, mais pour cela il nous faut des outils !<!--more--><\/p>\n<h2>Magazine Web Design sp\u00e9cial e-commerce<\/h2>\n<p>Ce n&rsquo;est pas un hasard si le magazine Web Design Hors S\u00e9rie 10 (disponible en kiosque ou prochainement sur le site <a title=\"Section Hors S\u00e9rie de Web Design Mag\" href=\"http:\/\/shop.oracom.fr\/index.php?option=com_virtuemart&amp;page=shop.browse&amp;category_id=76&amp;Itemid=2&amp;vmcchk=1&amp;Itemid=2\" target=\"_blank\">shop.oracom.fr<\/a>) parait en cette rentr\u00e9e 2011, c&rsquo;est souvent l&rsquo;occasion d&rsquo;une remise en question de son activit\u00e9, de ses projets, et c&rsquo;est aussi l&rsquo;occasion d&rsquo;\u00e9v\u00e8nement comme le <a href=\"http:\/\/ecommerceparis.com\/\" target=\"_blank\">salon e-commerce de Paris<\/a>.<br \/>\nBeaucoup de personnes tentent l&rsquo;aventure du e-commerce sans forc\u00e9ment se rendre compte que c&rsquo;est un travail de longue haleine, et qui, souvent, demande autant d&rsquo;implication dans son projet qu&rsquo;une boutique physique.<\/p>\n<p>Cette \u00e9dition sp\u00e9ciale (Hors S\u00e9rie) de Web Design Mag aborde les diff\u00e9rentes solutions connues et moins connues vous permettant, soit de vous lancer dans le d\u00e9veloppement d&rsquo;un tel projet, soit de vous renseigner sur les outils existant pour avoir une meilleure compr\u00e9hension de ce sur quoi votre prestataire va travailler.<\/p>\n<p>On y retrouve :<\/p>\n<ul>\n<li>Un dossier complet sur l\u2019installation et la personnalisation de Magento par C\u00e9dric Rousset de <a href=\"http:\/\/bloggento.fr\/\" target=\"_blank\">Bloggento<\/a>.<\/li>\n<li>Un comparatif de quelques solutions WordPress<\/li>\n<li>Des tutoriels sur la cr\u00e9ation de design d\u00e9di\u00e9 au e-commerce avec Photoshop<\/li>\n<li>Une pr\u00e9sentation du salon e-commerce<\/li>\n<li>Une rubrique de formation dans le domaine du e-commerce<\/li>\n<\/ul>\n<h2>Mon dossier<\/h2>\n<p><img decoding=\"async\" class=\"alignleft size-full wp-image-1507\" src=\"https:\/\/www.creativejuiz.fr\/blog\/wp-content\/uploads\/2011\/09\/comparatif-ecommerce-wordpress.jpg\" alt=\"\" width=\"250\" height=\"322\" srcset=\"https:\/\/www.creativejuiz.fr\/blog\/wp-content\/uploads\/2011\/09\/comparatif-ecommerce-wordpress.jpg 250w, https:\/\/www.creativejuiz.fr\/blog\/wp-content\/uploads\/2011\/09\/comparatif-ecommerce-wordpress-232x300.jpg 232w\" sizes=\"(max-width: 250px) 100vw, 250px\" \/>Pour cette occasion, j&rsquo;ai pu proposer un dossier comparatif sur quelques solutions e-commerce pour WordPress, pour ce magazine.<br \/>\nJe connaissais d\u00e9j\u00e0 quelques solutions parmi les plus connues, mais cet article a \u00e9t\u00e9 pour moi l&rsquo;occasion de chercher et tester des choses que je ne connaissais pas.<\/p>\n<p>Je tiens \u00e0 replacer la recherche d&rsquo;informations et la cr\u00e9ation de ce dossier dans son contexte :<br \/>\nNous sommes \u00e0 <abbr title=\"Jour moins\">J-<\/abbr>7 de la <em lang=\"en\">deadline<\/em>, l&rsquo;occasion se pr\u00e9sente de parler de WordPress et de ses plugins e-commerce&#8230; en 7 jours. Je prends \u00e7a comme un d\u00e9fi et essaye de trouver un compromis pour d\u00e9tailler la multiplicit\u00e9 des fonctionnalit\u00e9s des plugins tout en \u00e9vitant de me r\u00e9p\u00e9ter&#8230; c&rsquo;est pas gagn\u00e9 !<\/p>\n<p>En effet les plugins WordPress sur le e-commerce &#8211; les bons j&rsquo;entends &#8211; finissent par se ressembler car apportent une r\u00e9ponse \u00e0 un besoin commun. Le d\u00e9fi a r\u00e9ellement pris son ampleur \u00e0 la d\u00e9couverte de nouveaux plugins, et 7 jours furent bien trop courts pour la r\u00e9daction de ce dossier. Il aurait facilement pu \u00eatre \u00e9tay\u00e9 \ud83d\ude09<\/p>\n<h2>En savoir plus<\/h2>\n<p><img decoding=\"async\" class=\"alignright size-full wp-image-1492\" src=\"https:\/\/www.creativejuiz.fr\/blog\/wp-content\/uploads\/2011\/09\/webdesign-mag-h-10.png\" alt=\"\" width=\"150\" height=\"194\" \/>Faire un pr\u00e9-tri des solutions en listant les points positifs et n\u00e9gatifs de chacun, vous offrir un test rapide et aussi efficace que possible des solutions, voil\u00e0 la but de ce dossier.<br \/>\nVous retiendrez probablement certains plugins pour certaines fonctionnalit\u00e9s pr\u00e9cises, c&rsquo;est que le pr\u00e9-tri fonctionne.<\/p>\n<p>Comme le dossier ne peut absolument pas \u00eatre exhaustif et complet, je vous invite \u00e0 poser vos questions ou vos remarques dans l&rsquo;espace commentaire \ud83d\ude42<\/p>\n<p>Je publierai prochainement une revisite de ce dossier directement<strong> sur ce blog<\/strong>. Vous pouvez donc suivre le <a href=\"https:\/\/www.creativejuiz.fr\/blog\/feed\" target=\"_blank\">flux RSS<\/a> pour vous tenir inform\u00e9.<\/p>\n<p>Je vous souhaite une bonne lecture de ce magazine.<\/p>\n<div class=\"sources\">\n<h2>Liens utiles<\/h2>\n<ul>\n<li><a title=\"Section Hors S\u00e9rie de Web Design Mag\" href=\"http:\/\/shop.oracom.fr\/index.php?option=com_virtuemart&amp;page=shop.browse&amp;category_id=76&amp;Itemid=2&amp;vmcchk=1&amp;Itemid=2\" target=\"_blank\">shop.oracom.fr<\/a><\/li>\n<li><a href=\"http:\/\/ecommerceparis.com\/\" target=\"_blank\">Le salon e-commerce de Paris<\/a><\/li>\n<\/ul>\n<\/div>\n","protected":false},"excerpt":{"rendered":"<p>Peut-\u00eatre avez-vous entendu parler du salon e-commerce qui s&rsquo;est d\u00e9roul\u00e9 les 11, 12 et 13 Septembre derniers. Je n&rsquo;y \u00e9tais pas personnellement, mais des retours que j&rsquo;en ai eu, ce salon fut fort en diversit\u00e9 et en strat\u00e9gie. L&rsquo;e-commerce, \u00e7a marche, mais pour cela il nous faut des outils !<\/p>\n","protected":false},"author":4,"featured_media":1490,"comment_status":"open","ping_status":"open","sticky":false,"template":"","format":"standard","meta":{"_acf_changed":false,"_bluesky_dont_syndicate":"","_bluesky_syndication_accounts":"","_bluesky_syndication_text":"","footnotes":""},"categories":[9,13],"tags":[388,5,389,131,19],"coauthors":[597],"class_list":["post-1486","post","type-post","status-publish","format-standard","has-post-thumbnail","hentry","category-tutoriels","category-wordpress","tag-e-commerce","tag-magazine","tag-magento","tag-oracom","tag-web-design"],"acf":[],"aioseo_notices":[],"_links":{"self":[{"href":"https:\/\/www.creativejuiz.fr\/blog\/wp-json\/wp\/v2\/posts\/1486","targetHints":{"allow":["GET"]}}],"collection":[{"href":"https:\/\/www.creativejuiz.fr\/blog\/wp-json\/wp\/v2\/posts"}],"about":[{"href":"https:\/\/www.creativejuiz.fr\/blog\/wp-json\/wp\/v2\/types\/post"}],"author":[{"embeddable":true,"href":"https:\/\/www.creativejuiz.fr\/blog\/wp-json\/wp\/v2\/users\/4"}],"replies":[{"embeddable":true,"href":"https:\/\/www.creativejuiz.fr\/blog\/wp-json\/wp\/v2\/comments?post=1486"}],"version-history":[{"count":0,"href":"https:\/\/www.creativejuiz.fr\/blog\/wp-json\/wp\/v2\/posts\/1486\/revisions"}],"wp:featuredmedia":[{"embeddable":true,"href":"https:\/\/www.creativejuiz.fr\/blog\/wp-json\/wp\/v2\/media\/1490"}],"wp:attachment":[{"href":"https:\/\/www.creativejuiz.fr\/blog\/wp-json\/wp\/v2\/media?parent=1486"}],"wp:term":[{"taxonomy":"category","embeddable":true,"href":"https:\/\/www.creativejuiz.fr\/blog\/wp-json\/wp\/v2\/categories?post=1486"},{"taxonomy":"post_tag","embeddable":true,"href":"https:\/\/www.creativejuiz.fr\/blog\/wp-json\/wp\/v2\/tags?post=1486"},{"taxonomy":"author","embeddable":true,"href":"https:\/\/www.creativejuiz.fr\/blog\/wp-json\/wp\/v2\/coauthors?post=1486"}],"curies":[{"name":"wp","href":"https:\/\/api.w.org\/{rel}","templated":true}]}}