{"id":1560,"date":"2011-10-16T21:35:22","date_gmt":"2011-10-16T19:35:22","guid":{"rendered":"https:\/\/www.creativejuiz.fr\/blog\/?p=1560"},"modified":"2015-01-18T16:23:13","modified_gmt":"2015-01-18T15:23:13","slug":"paris-web-2011-cetait-cool","status":"publish","type":"post","link":"https:\/\/www.creativejuiz.fr\/blog\/evenements\/paris-web-2011-cetait-cool","title":{"rendered":"Paris Web 2011, c&rsquo;\u00e9tait cool !"},"content":{"rendered":"<p>C&rsquo;est compl\u00e8tement lessiv\u00e9 que je reviens de trois journ\u00e9es intenses de Paris. L&rsquo;\u00e9v\u00e8nement Paris Web a encore frapp\u00e9 et c&rsquo;\u00e9tait pour le plaisir des nombreux participants de cette \u00e9dition 2011.<br \/>\nJe vais essayer de faire court tout en relevant les points appr\u00e9ci\u00e9s de cette \u00e9dition. <!--more--><\/p>\n<h2>Avant-propos<\/h2>\n<p>Avant tout, je suis confus.<br \/>\nEn effet, je ne vous ai pas parl\u00e9 de <a href=\"http:\/\/www.paris-web.fr\/\">Paris Web<\/a> avant l&rsquo;\u00e9v\u00e8nement (pour cette \u00e9dition), et c&rsquo;est une erreur de ma part. Je l&rsquo;avais fait l&rsquo;an dernier, mais n&rsquo;en ai pas r\u00e9ellement eu l&rsquo;occasion cette ann\u00e9e.<br \/>\nJ&rsquo;essayerai de me rattraper pour les prochains \u00e9v\u00e8nements.<\/p>\n<h2><abbr title=\"Keep It Simple and Smart\" lang=\"en\">KISS<\/abbr><\/h2>\n<p>Le th\u00e8me de cette ann\u00e9e \u00e9tait <abbr>KISS<\/abbr>, la simplicit\u00e9 \u00e9tait donc au rendez-vous et les esprits furent bien plus rel\u00e2ch\u00e9s que l&rsquo;ann\u00e9e pr\u00e9c\u00e9dente. (en tout cas j&rsquo;ai senti moins d&rsquo;envie trollesques !)<br \/>\nComme pour l&rsquo;\u00e9dition 2010 (la premi\u00e8re que j&rsquo;ai suivie), l&rsquo;auditeur avait le choix entre deux \u00ab\u00a0<em>timelines<\/em>\u00ab\u00a0, deux conf\u00e9rences sur un m\u00eame cr\u00e9neau horaire.<br \/>\nCertaines conf\u00e9rences &#8211; dans celles que j&rsquo;ai pu voir &#8211; sont ressorties du lot par leur superficialit\u00e9, d&rsquo;autres par leur complexit\u00e9 technique et certaines par leur originalit\u00e9.<\/p>\n<p class=\"center\"><a href=\"http:\/\/www.paris-web.fr\/2011\/conferences\/table-ronde-des-navigateurs.php\"><img decoding=\"async\" src=\"https:\/\/www.creativejuiz.fr\/blog\/wp-content\/uploads\/2011\/10\/paris-web-mozilla-chrome-microsoft-opera.jpg\" alt=\"Conf\u00e9rence &quot;Table ronde des navigateurs&quot; avec Dominique Hazael-Massieux, David Rousset, Karl Dubost, Paul Rouget et Sam Dutton\" title=\"\" width=\"540\" height=\"314\" class=\"aligncenter size-full wp-image-1568\" srcset=\"https:\/\/www.creativejuiz.fr\/blog\/wp-content\/uploads\/2011\/10\/paris-web-mozilla-chrome-microsoft-opera.jpg 540w, https:\/\/www.creativejuiz.fr\/blog\/wp-content\/uploads\/2011\/10\/paris-web-mozilla-chrome-microsoft-opera-300x174.jpg 300w\" sizes=\"(max-width: 540px) 100vw, 540px\" \/><\/a><\/p>\n<p>Il y avait donc forc\u00e9ment de quoi plaire, et de quoi d\u00e9cevoir quelque peu, mais dans l&rsquo;ensemble je pense qu&rsquo;il y en avait pour tout le monde, et \u00e7a c&rsquo;est <em lang=\"en\">smart<\/em> !<\/p>\n<h2>Organisation<\/h2>\n<p>Un grand bravo <a href=\"http:\/\/www.paris-web.fr\/association\/membres.php#equipe\">au staff<\/a> qui a su g\u00e9rer tout ce monde de mains de ma\u00eetres !<br \/>\nL&rsquo;accueil est toujours aussi chaleureux et les <a href=\"http:\/\/www.paris-web.fr\/lieux\/\">locaux d&rsquo;IBM<\/a> vraiment tr\u00e8s agr\u00e9ables pour ce type de conf\u00e9rence.<\/p>\n<p>Un petit merci aussi pour la distribution de <em lang=\"en\">goodies<\/em> \u00e0 l&rsquo;entr\u00e9e et tout au long de l&rsquo;\u00e9v\u00e9nement, surtout \u00e0 la fin lors des ateliers o\u00f9 il arrive que la consommation soit presque forc\u00e9e, mais c&rsquo;est pour le bien des \u00e9paules de l&rsquo;orga qui doit se coltiner ce qui reste sur le trajet du retour&#8230;<\/p>\n<p class=\"center\"><img decoding=\"async\" src=\"https:\/\/www.creativejuiz.fr\/blog\/wp-content\/uploads\/2011\/10\/goodies-paris-web.jpg\" alt=\"De nombreux cadeaux obtenus \u00e0 Paris Web (t-shirts, bracelets, stylos, etc.)\" title=\"\" width=\"540\" height=\"314\" class=\"aligncenter size-full wp-image-1563\" srcset=\"https:\/\/www.creativejuiz.fr\/blog\/wp-content\/uploads\/2011\/10\/goodies-paris-web.jpg 540w, https:\/\/www.creativejuiz.fr\/blog\/wp-content\/uploads\/2011\/10\/goodies-paris-web-300x174.jpg 300w\" sizes=\"(max-width: 540px) 100vw, 540px\" \/><small>J&rsquo;ai promis au staff de rendre un bracelet \u00e0 une personne qui s&rsquo;est plainte de la diminution trop rapide du stock. Mon formulaire de contact est \u00e0 sa disposition !<\/small><\/p>\n<h2>Paris by night<\/h2>\n<p>Parce qu&rsquo;il a bien fallu loger sur place, l&rsquo;h\u00f4tel d&rsquo;Anjou (Levallois-Perret) \u00e9tait tellement peu accueillant (il y aurait \u00e0 dire l\u00e0 dessus, mais j&rsquo;ai dit que je contais les bons c\u00f4t\u00e9s) que \u00e7a m&rsquo;a laiss\u00e9 tout le loisir d&rsquo;aller voir ailleurs si j&rsquo;y \u00e9tais.<br \/>\nParis <em lang=\"en\">by night<\/em> \u00e9tait donc l&rsquo;occasion de faire <a href=\"http:\/\/www.flickr.com\/photos\/creativejuiz\/archives\/date-taken\/2011\/10\/\">quelques clich\u00e9s<\/a> et balades autour de Levallois-Perret et Saint-Michel, entre autres endroits.<\/p>\n<h2>Ap\u00e9ro communautaire<\/h2>\n<p>Comme l&rsquo;ann\u00e9e pr\u00e9c\u00e9dente, le staff nous a organis\u00e9 <a href=\"http:\/\/www.paris-web.fr\/lieux\/aperitif-communautaire.php\">une soir\u00e9e<\/a> dans un lieu priv\u00e9 de Paris afin que les auditeurs et orateurs de Paris Web se retrouvent dans une atmosph\u00e8re d\u00e9tendue et conviviale.<\/p>\n<p class=\"center\"><img decoding=\"async\" src=\"https:\/\/www.creativejuiz.fr\/blog\/wp-content\/uploads\/2011\/10\/le-comptoir-general.jpg\" alt=\"Un grand verre de bi\u00e8re\" title=\"\" width=\"540\" height=\"314\" class=\"aligncenter size-full wp-image-1566\" srcset=\"https:\/\/www.creativejuiz.fr\/blog\/wp-content\/uploads\/2011\/10\/le-comptoir-general.jpg 540w, https:\/\/www.creativejuiz.fr\/blog\/wp-content\/uploads\/2011\/10\/le-comptoir-general-300x174.jpg 300w\" sizes=\"(max-width: 540px) 100vw, 540px\" \/><\/p>\n<p>Un petit jeu dans la soir\u00e9e a permis \u00e0 certains chanceux (dont je fais partie) de gagner des lots (Livres Eyrolles, t-shirts Mozilla, entre autres) par tirage au sort.<br \/>\nBref, un endroit vraiment sympa, une bonne ambiance, suffisamment d&rsquo;espace pour que tout le monde puisse cohabiter. Cette soir\u00e9e m&rsquo;a r\u00e9concili\u00e9 avec les ap\u00e9ros communautaires !<br \/>\nVous pouvez consulter ces <a href=\"http:\/\/www.flickr.com\/photos\/creativejuiz\/archives\/date-taken\/2011\/10\/13\/\">quelques photos charg\u00e9es sur mon compte Flickr<\/a>, ainsi que d&rsquo;<a href=\"http:\/\/www.flickr.com\/photos\/prelude666\/archives\/date-taken\/2011\/10\/13\/\">autres&nbsp;photos&nbsp;de&nbsp;la&nbsp;soir\u00e9e<\/a> et il en existe certainement plein d&rsquo;autres sur la recherche &quot;parisweb2011&quot;.<\/p>\n<h2>Bref<\/h2>\n<p>Pour ceux qui ont manqu\u00e9 cet \u00e9v\u00e9nement, toutes les conf\u00e9rences et ateliers ont \u00e9t\u00e9 film\u00e9s.<br \/>\nLa staff nous a cependant invit\u00e9 \u00e0 attendre un peu avant leur mise en ligne, pour la simple et bonne raison que les montages vid\u00e9o ne se font pas tout seul \ud83d\ude09<\/p>\n<p>Je ne m&rsquo;\u00e9tends pas plus.<\/p>\n<p>Prochain article sur CSS3 si j&rsquo;arrive \u00e0 respecter l&rsquo;ordre de publication !<\/p>\n","protected":false},"excerpt":{"rendered":"<p>C&rsquo;est compl\u00e8tement lessiv\u00e9 que je reviens de trois journ\u00e9es intenses de Paris. L&rsquo;\u00e9v\u00e8nement Paris Web a encore frapp\u00e9 et c&rsquo;\u00e9tait pour le plaisir des nombreux participants de cette \u00e9dition 2011. Je vais essayer de faire court tout en relevant les points appr\u00e9ci\u00e9s de cette \u00e9dition.<\/p>\n","protected":false},"author":4,"featured_media":1562,"comment_status":"closed","ping_status":"open","sticky":false,"template":"","format":"standard","meta":{"_acf_changed":false,"_bluesky_dont_syndicate":"","_bluesky_syndication_accounts":"","_bluesky_syndication_text":"","footnotes":""},"categories":[10],"tags":[107,218,83],"coauthors":[597],"class_list":["post-1560","post","type-post","status-publish","format-standard","has-post-thumbnail","hentry","category-evenements","tag-conference","tag-evenement","tag-paris-web"],"acf":[],"aioseo_notices":[],"_links":{"self":[{"href":"https:\/\/www.creativejuiz.fr\/blog\/wp-json\/wp\/v2\/posts\/1560","targetHints":{"allow":["GET"]}}],"collection":[{"href":"https:\/\/www.creativejuiz.fr\/blog\/wp-json\/wp\/v2\/posts"}],"about":[{"href":"https:\/\/www.creativejuiz.fr\/blog\/wp-json\/wp\/v2\/types\/post"}],"author":[{"embeddable":true,"href":"https:\/\/www.creativejuiz.fr\/blog\/wp-json\/wp\/v2\/users\/4"}],"replies":[{"embeddable":true,"href":"https:\/\/www.creativejuiz.fr\/blog\/wp-json\/wp\/v2\/comments?post=1560"}],"version-history":[{"count":0,"href":"https:\/\/www.creativejuiz.fr\/blog\/wp-json\/wp\/v2\/posts\/1560\/revisions"}],"wp:featuredmedia":[{"embeddable":true,"href":"https:\/\/www.creativejuiz.fr\/blog\/wp-json\/wp\/v2\/media\/1562"}],"wp:attachment":[{"href":"https:\/\/www.creativejuiz.fr\/blog\/wp-json\/wp\/v2\/media?parent=1560"}],"wp:term":[{"taxonomy":"category","embeddable":true,"href":"https:\/\/www.creativejuiz.fr\/blog\/wp-json\/wp\/v2\/categories?post=1560"},{"taxonomy":"post_tag","embeddable":true,"href":"https:\/\/www.creativejuiz.fr\/blog\/wp-json\/wp\/v2\/tags?post=1560"},{"taxonomy":"author","embeddable":true,"href":"https:\/\/www.creativejuiz.fr\/blog\/wp-json\/wp\/v2\/coauthors?post=1560"}],"curies":[{"name":"wp","href":"https:\/\/api.w.org\/{rel}","templated":true}]}}