{"id":1712,"date":"2012-01-07T18:26:02","date_gmt":"2012-01-07T17:26:02","guid":{"rendered":"https:\/\/www.creativejuiz.fr\/blog\/?p=1712"},"modified":"2019-05-13T02:18:32","modified_gmt":"2019-05-13T00:18:32","slug":"portrait-professional-retouchez-photos-portrait","status":"publish","type":"post","link":"https:\/\/www.creativejuiz.fr\/blog\/ressources-telechargements\/portrait-professional-retouchez-photos-portrait","title":{"rendered":"Portrait Professional &#8211; Retouchez vos photos de portrait comme un pro&nbsp;!"},"content":{"rendered":"<p>Je vous propose aujourd&rsquo;hui une petite revue d&rsquo;un logiciel que j&rsquo;ai eu l&rsquo;occasion de tester.<br \/>\nLogiciel d\u00e9velopp\u00e9 par la soci\u00e9t\u00e9 <a href=\"http:\/\/www.amazon.fr\/s\/ref=as_li_ss_tl?_encoding=UTF8&amp;camp=1642&amp;creative=19458&amp;field-brandtextbin=Anthropics&amp;linkCode=ur2&amp;node=530488&amp;tag=creajuiz-21\">Anthropics Technology<\/a>, <strong>Portrait Professional<\/strong> se r\u00e9sumerait facilement par \u00ab\u00a0gain de temps imm\u00e9diat\u00a0\u00bb.<br \/>\nVoici une pr\u00e9sentation du logiciel.<!--more--><\/p>\n<p class=\"message important\">Attention : je ne souhaite pas rentrer dans le d\u00e9bat moral de la retouche photo, de l&rsquo;importance de l&rsquo;image que l&rsquo;on d\u00e9gage ou que l&rsquo;on souhaite laisser percevoir. C&rsquo;est un autre sujet qui m\u00e9riterait d&rsquo;\u00eatre abord\u00e9 autre part que sur ce blog, ou dans un autre article.<br \/>\nMerci<\/p>\n<p>Il m&rsquo;arrive rarement de proposer une revue d&rsquo;un logiciel payant, mais ce n&rsquo;est pas non plus la premi\u00e8re fois.<br \/>\nJ&rsquo;essaye cependant de vous pr\u00e9senter des choses qui ne sont pas non plus hors de prix.<\/p>\n<p>Petits messages de clarification donn\u00e9s, passons \u00e0 la d\u00e9couverte du logiciel.<\/p>\n<h2>Pr\u00e9sentation du logiciel<\/h2>\n<p class=\"center\"><img decoding=\"async\" class=\"aligncenter size-full wp-image-1715\" title=\"\" src=\"https:\/\/www.creativejuiz.fr\/blog\/wp-content\/uploads\/2011\/12\/portrait-professional.jpg\" alt=\"Portrait avant\/apr\u00e8s avec retouches multiples\" width=\"480\" height=\"226\" srcset=\"https:\/\/www.creativejuiz.fr\/blog\/wp-content\/uploads\/2011\/12\/portrait-professional.jpg 480w, https:\/\/www.creativejuiz.fr\/blog\/wp-content\/uploads\/2011\/12\/portrait-professional-300x141.jpg 300w\" sizes=\"(max-width: 480px) 100vw, 480px\" \/><\/p>\n<p><a lang=\"en\" href=\"http:\/\/www.portraitprofessional.com\/fr\/\">Portrait Professional<\/a>, actuellement \u00e0 sa version 10 vous propose quelque chose de simple : retoucher vos photos de portraits en quelques \u00e9tapes.<br \/>\nVoici les promesses faites sur le site du logiciel :<\/p>\n<ul>\n<li>qualit\u00e9 professionnelle<\/li>\n<li>am\u00e9lioration des photos en quelques secondes<\/li>\n<li>facile d&rsquo;utilisation<\/li>\n<\/ul>\n<h2>Premiers tests<\/h2>\n<p>Apr\u00e8s une installation plut\u00f4t rapide durant laquelle il m&rsquo;a \u00e9t\u00e9 propos\u00e9 d&rsquo;installer \u00e9galement les plugins pour Photoshop CS5 et Photoshop Elements (\u00e0 condition que vous poss\u00e9diez d\u00e9j\u00e0 ces logiciels), j&rsquo;ai pu me lancer dans un premier essai du logiciel. N&rsquo;ayant pas de photo correcte de portrait sous la main, j&rsquo;ai pu tester avec les photographies d&rsquo;exemples mises \u00e0 disposition par le logiciel.<\/p>\n<p><img decoding=\"async\" class=\"alignleft size-full wp-image-1720\" title=\"\" src=\"https:\/\/www.creativejuiz.fr\/blog\/wp-content\/uploads\/2011\/12\/panel-base-portrait.png\" alt=\"\" width=\"220\" height=\"339\" srcset=\"https:\/\/www.creativejuiz.fr\/blog\/wp-content\/uploads\/2011\/12\/panel-base-portrait.png 220w, https:\/\/www.creativejuiz.fr\/blog\/wp-content\/uploads\/2011\/12\/panel-base-portrait-194x300.png 194w\" sizes=\"(max-width: 220px) 100vw, 220px\" \/>Ce <em>soft<\/em> propose une aide contextuelle tr\u00e8s performante dans un volet situ\u00e9 \u00e0 droite de votre portrait.<br \/>\nAu fil des \u00e9tapes, qui ont pour but d&rsquo;affiner la description de votre portrait, ce panneau offre une aide toute en images.<\/p>\n<p>\u00c0 chaque \u00e9tape du d\u00e9grossissement (si je puis dire), il vous est possible de revenir \u00e0 l&rsquo;\u00e9tape pr\u00e9c\u00e9dente ou \u00e0 une \u00e9tape de votre choix gr\u00e2ce aux commandes situ\u00e9es en haut de ce volet.<br \/>\nAu milieu se trouve l&rsquo;aide contextuelle, puis tout en bas sont pr\u00e9sentes des options qui vous permettent de pr\u00e9ciser un cas particulier (exemple : photo de profil).<\/p>\n<p>Dans la fen\u00eatre principale, nous avons notre portrait, sur lequel nous allons intervenir pour marquer certaines zones n\u00e9cessaires au logiciel pour effectuer un premier ensemble de retouches.<\/p>\n<p>Voici par exemple l&rsquo;\u00e9tape de marquage du front et des limites du visage, \u00e9tape qui intervient apr\u00e8s la d\u00e9limitation des zones des yeux, nez et bouche.<\/p>\n<p class=\"center\"><img decoding=\"async\" class=\"aligncenter size-full wp-image-1722\" title=\"\" src=\"https:\/\/www.creativejuiz.fr\/blog\/wp-content\/uploads\/2011\/12\/portrait-photo-pro.jpg\" alt=\"Repr\u00e9sentation des zones du visage en cours de retouche\" width=\"580\" height=\"355\" srcset=\"https:\/\/www.creativejuiz.fr\/blog\/wp-content\/uploads\/2011\/12\/portrait-photo-pro.jpg 580w, https:\/\/www.creativejuiz.fr\/blog\/wp-content\/uploads\/2011\/12\/portrait-photo-pro-300x183.jpg 300w\" sizes=\"(max-width: 580px) 100vw, 580px\" \/><\/p>\n<p>Cette \u00e9tape <abbr title=\"Num\u00e9ro\">n\u00b0<\/abbr>4 est la derni\u00e8re avant la premi\u00e8re retouche automatis\u00e9e du portrait.<br \/>\nVoici donc en quelques secondes ce qui est obtenu gr\u00e2ce \u00e0 mon premier essai.<\/p>\n<p class=\"center\"><img decoding=\"async\" class=\"aligncenter size-full wp-image-1739\" title=\"\" src=\"https:\/\/www.creativejuiz.fr\/blog\/wp-content\/uploads\/2011\/12\/before-after.jpg\" alt=\"Montage pr\u00e9sentat un visage avant et apr\u00e8s retouches\" width=\"356\" height=\"485\" srcset=\"https:\/\/www.creativejuiz.fr\/blog\/wp-content\/uploads\/2011\/12\/before-after.jpg 356w, https:\/\/www.creativejuiz.fr\/blog\/wp-content\/uploads\/2011\/12\/before-after-220x300.jpg 220w\" sizes=\"(max-width: 356px) 100vw, 356px\" \/><\/p>\n<p>Au premier abord, il y a pas mal de bonnes choses sur le visage.<br \/>\nCertaines retouches qui m\u00e9riteraient d&rsquo;\u00eatre accentu\u00e9es ou amoindries, mais en quelques secondes on a d\u00e9j\u00e0 un r\u00e9sultat int\u00e9ressant.<br \/>\nMes aper\u00e7us sont un peu petits et la qualit\u00e9s des JPEG pas au top, mais voici ce qu&rsquo;on peut observer :<\/p>\n<ul>\n<li>Flou g\u00e9n\u00e9ralis\u00e9 sur le visage (gomme les imperfection)<\/li>\n<li>Couleur de peau homog\u00e9n\u00e9is\u00e9e et l\u00e9g\u00e8rement moins satur\u00e9e<\/li>\n<li>Zone des yeux plus contrast\u00e9e, l\u00e9g\u00e8re hausse de la saturation sur l&rsquo;iris<\/li>\n<li>De m\u00eame pour les l\u00e8vres<\/li>\n<li>Proportions du visage retravaill\u00e9es (plus fin que l&rsquo;original)<\/li>\n<li>Effets de bord :\n<ul>\n<li>Flou qui d\u00e9borde sur les cheveux<\/li>\n<li>L\u00e9g\u00e8re d\u00e9formation du fond de la photographie<\/li>\n<\/ul>\n<\/li>\n<\/ul>\n<p>Certaines m&rsquo;ont peut-\u00eatre \u00e9chapp\u00e9es, mais \u00e7a fait beaucoup de petites choses r\u00e9alis\u00e9es en une fois \ud83d\ude42<\/p>\n<h2>Retouches pr\u00e9cises<\/h2>\n<p>Bien s\u00fbr, on vient de faire une infime partie de travail et il nous reste encore des choses \u00e0 faire.<br \/>\nEssayons par exemple de gommer les quelques d\u00e9fauts restants du visage.<\/p>\n<p><img decoding=\"async\" class=\"alignright size-full wp-image-1732\" title=\"\" src=\"https:\/\/www.creativejuiz.fr\/blog\/wp-content\/uploads\/2011\/12\/cheveux-retouche.jpg\" alt=\"\" width=\"150\" height=\"171\" \/>Chaque zone du portrait (visage, yeux, cheveux, etc.) est divis\u00e9e en module permettant des r\u00e9glages bien sp\u00e9cifiques, parfois m\u00eame subdivis\u00e9 en plusieurs sous-modules.<br \/>\nIl est possible de red\u00e9finir finement les zones \u00e0 modifier afin d&rsquo;\u00e9viter les effets de bord, comme par exemple l&rsquo;interpr\u00e9tation du fond (paysage) comme \u00e9tant une zone chevelue.<br \/>\nD&rsquo;ailleurs en parlant de cheveux, ce logiciel est fourni d&rsquo;un outil de coiffage de cheveux&#8230; si si, promis ! Cependant, il a ses limites, le lissage par exemple n&rsquo;applique qu&rsquo;une sorte de flou sur les cheveux.<\/p>\n<p><img decoding=\"async\" class=\"alignleft size-full wp-image-1733\" title=\"\" src=\"https:\/\/www.creativejuiz.fr\/blog\/wp-content\/uploads\/2011\/12\/panel-yeux.jpg\" alt=\"\" width=\"371\" height=\"136\" srcset=\"https:\/\/www.creativejuiz.fr\/blog\/wp-content\/uploads\/2011\/12\/panel-yeux.jpg 371w, https:\/\/www.creativejuiz.fr\/blog\/wp-content\/uploads\/2011\/12\/panel-yeux-300x109.jpg 300w\" sizes=\"(max-width: 371px) 100vw, 371px\" \/>Je me suis \u00e9galement attard\u00e9 sur les yeux, pour lesquels la palette des r\u00e9glages et juste g\u00e9niale. En effet, en plus de pouvoir modifier jusqu&rsquo;au halo autour de l&rsquo;iris, il vous est possible de faire les r\u00e9glages sur seulement l&rsquo;un des deux yeux, ou les deux simultan\u00e9ment, sans aucune difficult\u00e9.<\/p>\n<p>Il existe \u00e9galement deux outils que vous trouverez en haut de l&rsquo;interface : le pinceau et la gomme.<br \/>\nCes deux outils permettent, apr\u00e8s un r\u00e9glage du diam\u00e8tre et de l&rsquo;intensit\u00e9, de renforcer les corrections ou de les att\u00e9nuer sur ces zones bien pr\u00e9cises de votre portrait.<\/p>\n<h2>R\u00e9sultat<\/h2>\n<p>Apr\u00e8s environ 5 minutes de r\u00e9glages et retouches, voici le r\u00e9sultat obtenu, avec quelques exag\u00e9rations pour vous montrer ce qu&rsquo;il est possible de faire.<\/p>\n<div class=\"before-after\"><img decoding=\"async\" class=\"alignnone size-full wp-image-1735\" title=\"\" src=\"https:\/\/www.creativejuiz.fr\/blog\/wp-content\/uploads\/2011\/12\/before2.jpg\" alt=\"Photo graphique avant retouches\" width=\"350\" height=\"525\" srcset=\"https:\/\/www.creativejuiz.fr\/blog\/wp-content\/uploads\/2011\/12\/before2.jpg 350w, https:\/\/www.creativejuiz.fr\/blog\/wp-content\/uploads\/2011\/12\/before2-200x300.jpg 200w\" sizes=\"(max-width: 350px) 100vw, 350px\" \/><img decoding=\"async\" class=\"alignnone size-full wp-image-1736\" title=\"\" src=\"https:\/\/www.creativejuiz.fr\/blog\/wp-content\/uploads\/2011\/12\/after2.jpg\" alt=\"Photographie apr\u00e8s retouches\" width=\"350\" height=\"525\" srcset=\"https:\/\/www.creativejuiz.fr\/blog\/wp-content\/uploads\/2011\/12\/after2.jpg 350w, https:\/\/www.creativejuiz.fr\/blog\/wp-content\/uploads\/2011\/12\/after2-200x300.jpg 200w\" sizes=\"(max-width: 350px) 100vw, 350px\" \/><\/div>\n<h2>Autres exemples de retouches<\/h2>\n<p>Voici deux autres exemples issus de photographies <strong>non libres de droits<\/strong>.<\/p>\n<p class=\"center\"><a title=\"Profil num\u00e9rique de Laurie-Anne Bourdain, mod\u00e8le de la photographie.\" href=\"http:\/\/laurie-anne.bourdain.name\/\"><img decoding=\"async\" class=\"aligncenter size-full wp-image-1856\" title=\"\" src=\"https:\/\/www.creativejuiz.fr\/blog\/wp-content\/uploads\/2012\/01\/laurie-anne-mini.jpg\" alt=\"Laurie-Anne\" width=\"500\" height=\"370\" srcset=\"https:\/\/www.creativejuiz.fr\/blog\/wp-content\/uploads\/2012\/01\/laurie-anne-mini.jpg 500w, https:\/\/www.creativejuiz.fr\/blog\/wp-content\/uploads\/2012\/01\/laurie-anne-mini-300x222.jpg 300w\" sizes=\"(max-width: 500px) 100vw, 500px\" \/><\/a><br \/>\n\u00a9 Roselyne Marot<\/p>\n<p class=\"center\"><a href=\"http:\/\/crofte.fr\"><img decoding=\"async\" class=\"aligncenter size-full wp-image-1857\" title=\"\" src=\"https:\/\/www.creativejuiz.fr\/blog\/wp-content\/uploads\/2012\/01\/geoffrey-avant-apres.jpg\" alt=\"Geoffrey\" width=\"500\" height=\"670\" srcset=\"https:\/\/www.creativejuiz.fr\/blog\/wp-content\/uploads\/2012\/01\/geoffrey-avant-apres.jpg 500w, https:\/\/www.creativejuiz.fr\/blog\/wp-content\/uploads\/2012\/01\/geoffrey-avant-apres-223x300.jpg 223w, https:\/\/www.creativejuiz.fr\/blog\/wp-content\/uploads\/2012\/01\/geoffrey-avant-apres-447x600.jpg 447w\" sizes=\"(max-width: 500px) 100vw, 500px\" \/><\/a><br \/>\n\u00a9 <a href=\"http:\/\/a-noe.fr\">Christine Viale<\/a><\/p>\n<h2>Exceptions<\/h2>\n<p>Il existe des portraits qui ne pourront pas \u00eatre retouch\u00e9s, ou pas aussi rapidement que sur cet exemple. En effet, un homme avec une moustache ou barbe, ou une personne avec une \u00e9charpe, bonnet ou tout \u00e9l\u00e9ment fortement \u00ab\u00a0textur\u00e9\u00a0\u00bb risque de subir les assauts du lissage automatique.<\/p>\n<p>Il vous faudra donc manier avec dext\u00e9rit\u00e9 le pinceau et la gomme de retouche pour corriger les automatismes du logiciel, ce qui vous demandera un peu plus d&rsquo;exp\u00e9rience.<\/p>\n<p>Bref, \u00e7a reste un outil, pas une baguette magique \ud83d\ude00<\/p>\n<h2>Le mot de la fin<\/h2>\n<p>Test\u00e9 sous Photoshop (sous forme de Plugin) et Mac, cet outil fonctionne exactement de la m\u00eame mani\u00e8re. Vous ne serez donc pas perdus s&rsquo;il vous arrive de changer de plateforme.<br \/>\nAttention cependant pour Photoshop, le filtre est destructeur, appliquez donc les retouches sur un duplicata (calque ou image).<\/p>\n<p>Ce logiciel fonctionne tr\u00e8s bien dans les cas de portraits pos\u00e9s, non flous, voire m\u00eame tr\u00e8s nets.<br \/>\nIl s&rsquo;agit bien d&rsquo;un outil suppl\u00e9mentaire \u00e0 la disposition d&rsquo;un photographe, et non d&rsquo;un outil magique qui aurait l&rsquo;ambition de tout faire \u00e0 votre place. Les r\u00e9glages par d\u00e9faut auront souvent besoin de retouches fines pour ne pas rentrer dans une retouche vulgaire et sans vie.<br \/>\nN&rsquo;oubliez pas que le post-traitement ne fait pas la belle photo \ud83d\ude09<\/p>\n<p>Attention, n&rsquo;oubliez pas que certaines rides m\u00e9ritent d&rsquo;\u00eatre conserv\u00e9es !<\/p>\n<p class=\"center\"><img decoding=\"async\" class=\"aligncenter size-full wp-image-1718\" title=\"\" src=\"https:\/\/www.creativejuiz.fr\/blog\/wp-content\/uploads\/2011\/12\/portrait-chien.jpg\" alt=\"Photo d'un chiot \u00e0 rides\" width=\"480\" height=\"258\" srcset=\"https:\/\/www.creativejuiz.fr\/blog\/wp-content\/uploads\/2011\/12\/portrait-chien.jpg 480w, https:\/\/www.creativejuiz.fr\/blog\/wp-content\/uploads\/2011\/12\/portrait-chien-300x161.jpg 300w\" sizes=\"(max-width: 480px) 100vw, 480px\" \/><br \/>\n<small>Cr\u00e9dits photos : Chiot par <a href=\"http:\/\/www.flickr.com\/photos\/ronald_zuniga\/\">Ronald Zuniga<\/a><\/small><\/p>\n<p><em>PS : c&rsquo;\u00e9tait juste pour placer une photo d&rsquo;un <a href=\"http:\/\/thisis.dog\/\">chiot<\/a><\/em><br \/>\n<!-- \u00e0 tester http:\/\/www.flickr.com\/photos\/kk\/16593147\/ --><\/p>\n<div class=\"sources\">\n<h2>Sources et liens utiles<\/h2>\n<ul>\n<li><a href=\"http:\/\/www.portraitprofessional.com\/fr\/\">Portrait Professional<\/a><\/li>\n<li><a href=\"http:\/\/www.anthropics.com\/\">Site de l&rsquo;\u00e9diteur<\/a><\/li>\n<li><a href=\"http:\/\/www.amazon.fr\/s\/ref=as_li_ss_tl?_encoding=UTF8&amp;camp=1642&amp;creative=19458&amp;field-brandtextbin=Anthropics&amp;linkCode=ur2&amp;node=530488&amp;tag=creajuiz-21\">La boutique Amazon de l&rsquo;\u00e9diteur<\/a><\/li>\n<\/ul>\n<\/div>\n","protected":false},"excerpt":{"rendered":"<p>Je vous propose aujourd&rsquo;hui une petite revue d&rsquo;un logiciel que j&rsquo;ai eu l&rsquo;occasion de tester. Logiciel d\u00e9velopp\u00e9 par la soci\u00e9t\u00e9 Anthropics Technology, Portrait Professional se r\u00e9sumerait facilement par \u00ab\u00a0gain de temps imm\u00e9diat\u00a0\u00bb. Voici une pr\u00e9sentation du logiciel.<\/p>\n","protected":false},"author":4,"featured_media":1717,"comment_status":"open","ping_status":"open","sticky":false,"template":"","format":"standard","meta":{"_acf_changed":false,"_bluesky_dont_syndicate":"","_bluesky_syndication_accounts":"","_bluesky_syndication_text":"","footnotes":""},"categories":[50],"tags":[421,43,128,51,420,360],"coauthors":[597],"class_list":["post-1712","post","type-post","status-publish","format-standard","has-post-thumbnail","hentry","category-ressources-telechargements","tag-logiciel","tag-photographie","tag-photoshop","tag-plugin","tag-portrait","tag-retouche"],"acf":[],"aioseo_notices":[],"_links":{"self":[{"href":"https:\/\/www.creativejuiz.fr\/blog\/wp-json\/wp\/v2\/posts\/1712","targetHints":{"allow":["GET"]}}],"collection":[{"href":"https:\/\/www.creativejuiz.fr\/blog\/wp-json\/wp\/v2\/posts"}],"about":[{"href":"https:\/\/www.creativejuiz.fr\/blog\/wp-json\/wp\/v2\/types\/post"}],"author":[{"embeddable":true,"href":"https:\/\/www.creativejuiz.fr\/blog\/wp-json\/wp\/v2\/users\/4"}],"replies":[{"embeddable":true,"href":"https:\/\/www.creativejuiz.fr\/blog\/wp-json\/wp\/v2\/comments?post=1712"}],"version-history":[{"count":1,"href":"https:\/\/www.creativejuiz.fr\/blog\/wp-json\/wp\/v2\/posts\/1712\/revisions"}],"predecessor-version":[{"id":6764,"href":"https:\/\/www.creativejuiz.fr\/blog\/wp-json\/wp\/v2\/posts\/1712\/revisions\/6764"}],"wp:featuredmedia":[{"embeddable":true,"href":"https:\/\/www.creativejuiz.fr\/blog\/wp-json\/wp\/v2\/media\/1717"}],"wp:attachment":[{"href":"https:\/\/www.creativejuiz.fr\/blog\/wp-json\/wp\/v2\/media?parent=1712"}],"wp:term":[{"taxonomy":"category","embeddable":true,"href":"https:\/\/www.creativejuiz.fr\/blog\/wp-json\/wp\/v2\/categories?post=1712"},{"taxonomy":"post_tag","embeddable":true,"href":"https:\/\/www.creativejuiz.fr\/blog\/wp-json\/wp\/v2\/tags?post=1712"},{"taxonomy":"author","embeddable":true,"href":"https:\/\/www.creativejuiz.fr\/blog\/wp-json\/wp\/v2\/coauthors?post=1712"}],"curies":[{"name":"wp","href":"https:\/\/api.w.org\/{rel}","templated":true}]}}