{"id":176,"date":"2010-06-02T18:11:29","date_gmt":"2010-06-02T16:11:29","guid":{"rendered":"https:\/\/www.creativejuiz.fr\/blog\/?p=176"},"modified":"2015-01-18T17:59:13","modified_gmt":"2015-01-18T16:59:13","slug":"eirl-une-alternative-au-statut-dauto-entrepreneur","status":"publish","type":"post","link":"https:\/\/www.creativejuiz.fr\/blog\/actualites-diverses\/eirl-une-alternative-au-statut-dauto-entrepreneur","title":{"rendered":"l&rsquo;EIRL, une alternative au statut d&rsquo;auto-entrepreneur ?"},"content":{"rendered":"<p>Il est difficile de nos jours d&rsquo;entreprendre sans se poser la question du statut juridique \u00e0 choisir.<br \/>\nBeaucoup de retours n\u00e9gatifs me sont arriv\u00e9s de certains entrepreneurs s&rsquo;\u00e9tant jet\u00e9s sur le statut d&rsquo;Auto-entrepreneur.<!--more--><br \/>\nEn r\u00e8gle g\u00e9n\u00e9rale ces personnes ne s&rsquo;\u00e9taient tout simplement pas inform\u00e9es sur ce statut encore tout nouveau il y a quelques temps.<\/p>\n<h2>Un nouveau projet<\/h2>\n<p>Quoi qu&rsquo;il en soit un nouveau statut est attendu dans un avenir proche : l&rsquo;EIRL (Entreprise Individuelle \u00e0 Responsabilit\u00e9 Limit\u00e9e)<\/p>\n<p>Un projet de loi a \u00e9t\u00e9 pr\u00e9sent\u00e9 le 28 avril dernier par la Commission mixte paritaire. Il a par la suite \u00e9t\u00e9 adopt\u00e9 par le S\u00e9nat et l&rsquo;Assembl\u00e9e \u00a0Nationale respectivement le 5 et le 12 mai 2010.<\/p>\n<p>Cependant ce texte a fait l&rsquo;objet d&rsquo;un recours aupr\u00e8s du Conseil Institutionnel ce qui va repousser la date de mise en application de ce statut.<\/p>\n<h2>Quelles nouveaut\u00e9s ?<\/h2>\n<p>En principe ce statut devrait offrir quelques avantages propres \u00e0 la SARL<\/p>\n<ul>\n<li><strong>Une s\u00e9paration des patrimoines<\/strong>. Ainsi l&rsquo;entrepreneur aurait la possibilit\u00e9 de constituer un patrimoine professionnel, seul patrimoine saisissable par les cr\u00e9anciers li\u00e9s \u00e0 votre activit\u00e9 professionnelle.<\/li>\n<li><strong>Un choix sur l&rsquo;imposition<\/strong>. L&rsquo;entrepreneur aurait la possibilit\u00e9 d&rsquo;opter pour l&rsquo;imp\u00f4t sur les soci\u00e9t\u00e9s, et ainsi calculer\u00a0sa cotisation sociale sur\u00a0sa r\u00e9mun\u00e9ration<\/li>\n<\/ul>\n<p>Je vous laisse y r\u00e9fl\u00e9chir un peu avant de passer \u00e0 la suite de l&rsquo;article&#8230;<br \/>\nAttendons de toute mani\u00e8re la d\u00e9cision du Conseil Constitutionnel.<\/p>\n<h2>Oui mais&#8230;<\/h2>\n<p>Il y a toujours un \u00ab\u00a0mais\u00a0\u00bb !<\/p>\n<p>Sur le premier point vous seriez en droit de vous demander : mais \u00e0 quoi sert la <a title=\"En d\u00e9couvrir plus sur la d\u00e9claration d'insaisissabilit\u00e9 (nouvelle fen\u00eatre)\" href=\"http:\/\/www.village-justice.com\/articles\/declaration-insaisissabilite,4644.html\" target=\"_blank\">d\u00e9claration\u00a0d&rsquo;insaisissabilit\u00e9<\/a> alors ?<br \/>\nJustement elle sert \u00e0 s\u00e9parer le patrimoine saisissable lors de la cr\u00e9ation d&rsquo;une entreprise individuelle (ou d&rsquo;un AE).<\/p>\n<p>Alors concr\u00e8tement, \u00e0 quoi peut bien servir ce nouveau statut ?<\/p>\n<p>D&rsquo;apr\u00e8s ce que j&rsquo;ai cru lire ci et l\u00e0 la d\u00e9claration d&rsquo;insaisissabilit\u00e9 devrait dispara\u00eetre 9 mois apr\u00e8s l&rsquo;officialisation de ce nouveau statut (apparemment le 1 Janvier 2013), de quoi influencer l&rsquo;entrepreneur dans le choix d&rsquo;un statut plut\u00f4t qu&rsquo;un autre. Mais au fond quelle en est l&rsquo;utilit\u00e9 ?<\/p>\n<p>Et pour les profits ? On en parle pas vraiment ici&#8230;<\/p>\n<p>Ce sont donc quelques questions que je me pose (et pas seulement moi d&rsquo;ailleurs) sur un projet encore en discussion, nous verrons ce qu&rsquo;il en adviendra une fois pass\u00e9 sous l&rsquo;avis du Conseil Constitutionnel.<\/p>\n<p>Affaire \u00e0 suivre.<\/p>\n<p><em class=\"sources\">Lien utile :<br \/>\n&#8211; <a href=\"http:\/\/www.apce.com\/\" target=\"_blank\" title=\"D\u00e9couvrir le site de l'APCE et ses conseils sur l'emploi (nouvelle fen\u00eatre)\">http:\/\/www.apce.com\/<\/a><\/em><\/p>\n","protected":false},"excerpt":{"rendered":"<p>Il est difficile de nos jours d&rsquo;entreprendre sans se poser la question du statut juridique \u00e0 choisir. Beaucoup de retours n\u00e9gatifs me sont arriv\u00e9s de certains entrepreneurs s&rsquo;\u00e9tant jet\u00e9s sur le statut d&rsquo;Auto-entrepreneur.<\/p>\n","protected":false},"author":4,"featured_media":181,"comment_status":"open","ping_status":"open","sticky":false,"template":"","format":"standard","meta":{"_acf_changed":false,"_bluesky_dont_syndicate":"","_bluesky_syndication_accounts":"","_bluesky_syndication_text":"","footnotes":""},"categories":[63],"tags":[66,64,67,65,68],"coauthors":[597],"class_list":["post-176","post","type-post","status-publish","format-standard","has-post-thumbnail","hentry","category-actualites-diverses","tag-alternative","tag-auto","tag-eirl","tag-entrepreneur","tag-statut-juridique"],"acf":[],"aioseo_notices":[],"_links":{"self":[{"href":"https:\/\/www.creativejuiz.fr\/blog\/wp-json\/wp\/v2\/posts\/176","targetHints":{"allow":["GET"]}}],"collection":[{"href":"https:\/\/www.creativejuiz.fr\/blog\/wp-json\/wp\/v2\/posts"}],"about":[{"href":"https:\/\/www.creativejuiz.fr\/blog\/wp-json\/wp\/v2\/types\/post"}],"author":[{"embeddable":true,"href":"https:\/\/www.creativejuiz.fr\/blog\/wp-json\/wp\/v2\/users\/4"}],"replies":[{"embeddable":true,"href":"https:\/\/www.creativejuiz.fr\/blog\/wp-json\/wp\/v2\/comments?post=176"}],"version-history":[{"count":0,"href":"https:\/\/www.creativejuiz.fr\/blog\/wp-json\/wp\/v2\/posts\/176\/revisions"}],"wp:featuredmedia":[{"embeddable":true,"href":"https:\/\/www.creativejuiz.fr\/blog\/wp-json\/wp\/v2\/media\/181"}],"wp:attachment":[{"href":"https:\/\/www.creativejuiz.fr\/blog\/wp-json\/wp\/v2\/media?parent=176"}],"wp:term":[{"taxonomy":"category","embeddable":true,"href":"https:\/\/www.creativejuiz.fr\/blog\/wp-json\/wp\/v2\/categories?post=176"},{"taxonomy":"post_tag","embeddable":true,"href":"https:\/\/www.creativejuiz.fr\/blog\/wp-json\/wp\/v2\/tags?post=176"},{"taxonomy":"author","embeddable":true,"href":"https:\/\/www.creativejuiz.fr\/blog\/wp-json\/wp\/v2\/coauthors?post=176"}],"curies":[{"name":"wp","href":"https:\/\/api.w.org\/{rel}","templated":true}]}}