{"id":302,"date":"2010-07-01T10:42:22","date_gmt":"2010-07-01T08:42:22","guid":{"rendered":"https:\/\/www.creativejuiz.fr\/blog\/?p=302"},"modified":"2015-01-18T17:55:28","modified_gmt":"2015-01-18T16:55:28","slug":"ouverture-des-inscriptions-pour-paris-web-2010","status":"publish","type":"post","link":"https:\/\/www.creativejuiz.fr\/blog\/evenements\/ouverture-des-inscriptions-pour-paris-web-2010","title":{"rendered":"Ouverture des inscriptions pour Paris Web 2010"},"content":{"rendered":"<p>Aujourd&rsquo;hui, vu sur un <a title=\"Voir le tweet d'Alsacr\u00e9ations (nouvelle fen\u00eatre)\" href=\"http:\/\/twitter.com\/alsacreations\/status\/17471969498\" target=\"_blank\">tweet d&rsquo;Alsacr\u00e9ations<\/a> , les inscriptions ont \u00e9t\u00e9 ouvertes sur le <a title=\"Consulter le site de Paris Web 2010 (nouvelle fen\u00eatre)\" href=\"http:\/\/inscriptions.paris-web.fr\/\" target=\"_blank\">site de Paris Web 2010<\/a>.<br \/>\nEn plus du programme qui semble fort int\u00e9ressant, les tarifs restent tr\u00e8s attractifs puisque vous pourrez remarquer -chose vraiment tr\u00e8s tr\u00e8s importante- que les <strong>petits-d\u00e9jeuners et d\u00e9jeuners sont compris<\/strong>.<!--more--><\/p>\n<p>Pour le moment seul le <strong>Pass conf\u00e9rences<\/strong> est ouvert. Une ouverture prochaine des inscriptions sera faite pour le <strong>Pass atelier<\/strong>.<\/p>\n<p>C&rsquo;est tout pour aujourd&rsquo;hui,<br \/>\nBonne journ\u00e9e.<\/p>\n<p><em class=\"sources\">Liens utiles :<br \/>\n&#8211; <a title=\"Voir le twitter d'Alsacr\u00e9ations (nouvelle  fen\u00eatre)\" href=\"http:\/\/twitter.com\/alsacreations\" target=\"_blank\">Twitter Alsacr\u00e9ations<\/a><br \/>\n&#8211; <a title=\"Consulter le site de Paris Web 2010 (nouvelle  fen\u00eatre)\" href=\"http:\/\/inscriptions.paris-web.fr\/\" target=\"_blank\">Site de Paris Web 2010<\/a><\/em><\/p>\n","protected":false},"excerpt":{"rendered":"<p>Aujourd&rsquo;hui, vu sur un tweet d&rsquo;Alsacr\u00e9ations , les inscriptions ont \u00e9t\u00e9 ouvertes sur le site de Paris Web 2010. En plus du programme qui semble fort int\u00e9ressant, les tarifs restent tr\u00e8s attractifs puisque vous pourrez remarquer -chose vraiment tr\u00e8s tr\u00e8s importante- que les petits-d\u00e9jeuners et d\u00e9jeuners sont compris.<\/p>\n","protected":false},"author":4,"featured_media":251,"comment_status":"open","ping_status":"open","sticky":false,"template":"","format":"standard","meta":{"_acf_changed":false,"_bluesky_dont_syndicate":"","_bluesky_syndication_accounts":"","_bluesky_syndication_text":"","footnotes":""},"categories":[10],"tags":[84,109,107,106,83,108,28],"coauthors":[597],"class_list":["post-302","post","type-post","status-publish","format-standard","has-post-thumbnail","hentry","category-evenements","tag-84","tag-atelier","tag-conference","tag-paris","tag-paris-web","tag-tarifs","tag-web"],"acf":[],"aioseo_notices":[],"_links":{"self":[{"href":"https:\/\/www.creativejuiz.fr\/blog\/wp-json\/wp\/v2\/posts\/302","targetHints":{"allow":["GET"]}}],"collection":[{"href":"https:\/\/www.creativejuiz.fr\/blog\/wp-json\/wp\/v2\/posts"}],"about":[{"href":"https:\/\/www.creativejuiz.fr\/blog\/wp-json\/wp\/v2\/types\/post"}],"author":[{"embeddable":true,"href":"https:\/\/www.creativejuiz.fr\/blog\/wp-json\/wp\/v2\/users\/4"}],"replies":[{"embeddable":true,"href":"https:\/\/www.creativejuiz.fr\/blog\/wp-json\/wp\/v2\/comments?post=302"}],"version-history":[{"count":0,"href":"https:\/\/www.creativejuiz.fr\/blog\/wp-json\/wp\/v2\/posts\/302\/revisions"}],"wp:featuredmedia":[{"embeddable":true,"href":"https:\/\/www.creativejuiz.fr\/blog\/wp-json\/wp\/v2\/media\/251"}],"wp:attachment":[{"href":"https:\/\/www.creativejuiz.fr\/blog\/wp-json\/wp\/v2\/media?parent=302"}],"wp:term":[{"taxonomy":"category","embeddable":true,"href":"https:\/\/www.creativejuiz.fr\/blog\/wp-json\/wp\/v2\/categories?post=302"},{"taxonomy":"post_tag","embeddable":true,"href":"https:\/\/www.creativejuiz.fr\/blog\/wp-json\/wp\/v2\/tags?post=302"},{"taxonomy":"author","embeddable":true,"href":"https:\/\/www.creativejuiz.fr\/blog\/wp-json\/wp\/v2\/coauthors?post=302"}],"curies":[{"name":"wp","href":"https:\/\/api.w.org\/{rel}","templated":true}]}}