{"id":305,"date":"2010-07-06T21:48:02","date_gmt":"2010-07-06T19:48:02","guid":{"rendered":"https:\/\/www.creativejuiz.fr\/blog\/?p=305"},"modified":"2015-01-18T17:54:51","modified_gmt":"2015-01-18T16:54:51","slug":"lorigine-du-logo-pole-emploi","status":"publish","type":"post","link":"https:\/\/www.creativejuiz.fr\/blog\/veille-graphique\/lorigine-du-logo-pole-emploi","title":{"rendered":"L&rsquo;origine du logo P\u00f4le Emploi ?"},"content":{"rendered":"<p>Apr\u00e8s un s\u00e9jour dans un petit village de l&rsquo;Est de la France, j&rsquo;ai aper\u00e7u dans une habitation un four fort sympathique mais quelque peu \u00e2g\u00e9. Quelle ne fut pas ma surprise lorsque d&rsquo;un oeil \u00e9loign\u00e9 je crus distinguer un logo assez familier -du fait de mes derni\u00e8res p\u00e9r\u00e9grinations- au dessus d&rsquo;un bouton de ce four.<!--more--><\/p>\n<p>Le voici :<br \/>\n<img decoding=\"async\" class=\"alignright size-full wp-image-310\" title=\"L'origine du logo P\u00f4le Emploi\" src=\"https:\/\/www.creativejuiz.fr\/blog\/wp-content\/uploads\/2010\/07\/four-pole-emploi.jpg\" alt=\"\" width=\"320\" height=\"240\" srcset=\"https:\/\/www.creativejuiz.fr\/blog\/wp-content\/uploads\/2010\/07\/four-pole-emploi.jpg 320w, https:\/\/www.creativejuiz.fr\/blog\/wp-content\/uploads\/2010\/07\/four-pole-emploi-300x225.jpg 300w\" sizes=\"(max-width: 320px) 100vw, 320px\" \/><\/p>\n<p><em>(Photo prise avec mon super appareil photo de professionnel, un appareil embarqu\u00e9 sur un Sony Ericsson W300i !<br \/>\nNon non, ce n&rsquo;est pas une erreur, il s&rsquo;agit bien d&rsquo;un t\u00e9l\u00e9phone portable qui commence \u00e0 dater !<br \/>\nJ&rsquo;esp\u00e8re que vous m&rsquo;excuserez pour ce manque de qualit\u00e9, l&rsquo;appareil photo ce n&rsquo;est pas pour tout de suite :p)<\/em><\/p>\n<p>Ressemblant n&rsquo;est-ce pas ?<br \/>\nEnfin, s&rsquo;il n&rsquo;y avait que cela. Sur une simple recherche Google on peut facilement retrouver beaucoup de similitude entre le logo P\u00f4le Emploi et celui du Loto par exemple.<br \/>\nEffets au go\u00fbt du jour ? Demande du client ? Manque d&rsquo;inspiration ?<\/p>\n<p>Toujours est-il que ce symbole sur ce four m&rsquo;a donn\u00e9 envie d&rsquo;\u00e9crire cet article aujourd&rsquo;hui&hellip; c&rsquo;est tout !<br \/>\n\ud83d\ude09<\/p>\n","protected":false},"excerpt":{"rendered":"<p>Apr\u00e8s un s\u00e9jour dans un petit village de l&rsquo;Est de la France, j&rsquo;ai aper\u00e7u dans une habitation un four fort sympathique mais quelque peu \u00e2g\u00e9. Quelle ne fut pas ma surprise lorsque d&rsquo;un oeil \u00e9loign\u00e9 je crus distinguer un logo assez familier -du fait de mes derni\u00e8res p\u00e9r\u00e9grinations- au dessus d&rsquo;un bouton de ce four.<\/p>\n","protected":false},"author":4,"featured_media":309,"comment_status":"open","ping_status":"open","sticky":false,"template":"","format":"standard","meta":{"_acf_changed":false,"_bluesky_dont_syndicate":"","_bluesky_syndication_accounts":"","_bluesky_syndication_text":"","footnotes":""},"categories":[63,11],"tags":[112,91,116,115,117],"coauthors":[597],"class_list":["post-305","post","type-post","status-publish","format-standard","has-post-thumbnail","hentry","category-actualites-diverses","category-veille-graphique","tag-four","tag-logo","tag-origine","tag-pole-emploi","tag-strasbourg"],"acf":[],"aioseo_notices":[],"_links":{"self":[{"href":"https:\/\/www.creativejuiz.fr\/blog\/wp-json\/wp\/v2\/posts\/305","targetHints":{"allow":["GET"]}}],"collection":[{"href":"https:\/\/www.creativejuiz.fr\/blog\/wp-json\/wp\/v2\/posts"}],"about":[{"href":"https:\/\/www.creativejuiz.fr\/blog\/wp-json\/wp\/v2\/types\/post"}],"author":[{"embeddable":true,"href":"https:\/\/www.creativejuiz.fr\/blog\/wp-json\/wp\/v2\/users\/4"}],"replies":[{"embeddable":true,"href":"https:\/\/www.creativejuiz.fr\/blog\/wp-json\/wp\/v2\/comments?post=305"}],"version-history":[{"count":0,"href":"https:\/\/www.creativejuiz.fr\/blog\/wp-json\/wp\/v2\/posts\/305\/revisions"}],"wp:featuredmedia":[{"embeddable":true,"href":"https:\/\/www.creativejuiz.fr\/blog\/wp-json\/wp\/v2\/media\/309"}],"wp:attachment":[{"href":"https:\/\/www.creativejuiz.fr\/blog\/wp-json\/wp\/v2\/media?parent=305"}],"wp:term":[{"taxonomy":"category","embeddable":true,"href":"https:\/\/www.creativejuiz.fr\/blog\/wp-json\/wp\/v2\/categories?post=305"},{"taxonomy":"post_tag","embeddable":true,"href":"https:\/\/www.creativejuiz.fr\/blog\/wp-json\/wp\/v2\/tags?post=305"},{"taxonomy":"author","embeddable":true,"href":"https:\/\/www.creativejuiz.fr\/blog\/wp-json\/wp\/v2\/coauthors?post=305"}],"curies":[{"name":"wp","href":"https:\/\/api.w.org\/{rel}","templated":true}]}}