{"id":3477,"date":"2013-06-02T13:25:21","date_gmt":"2013-06-02T11:25:21","guid":{"rendered":"https:\/\/www.creativejuiz.fr\/blog\/?p=3477"},"modified":"2013-06-02T13:25:50","modified_gmt":"2013-06-02T11:25:50","slug":"facebook-au-pixel-pres","status":"publish","type":"post","link":"https:\/\/www.creativejuiz.fr\/blog\/reseaux-sociaux\/facebook-au-pixel-pres","title":{"rendered":"Facebook &#8211; On est pas au pixel pr\u00e8s ! Mais quand m\u00eame&#8230;"},"content":{"rendered":"<p>Il y a quelques jours de cela, Garry Tan nous pr\u00e9sentait un petit d\u00e9faut visuel qui le d\u00e9range sur le site web de Facebook depuis maintenant un petit moment.<br \/>\nQuelques mises \u00e0 jour sont pass\u00e9es par l\u00e0, et pour autant le d\u00e9faut rep\u00e9r\u00e9 sur Facebook.com est rest\u00e9 identique.<br \/>\n<!--more--><\/p>\n<p>Voici ce qu&rsquo;il a vu, vous retrouverez \u00e9galement son article en anglais sur :<br \/>\n<a href=\"http:\/\/blog.garrytan.com\/rageskitching-facebook-2013-edition-3px-of-padding-makes-all-the-difference-in-the-world\">Facebook 2013 edition &#8211; 3px of padding makes all the difference in the world<\/a><\/p>\n<p>Voici le visuel \u00ab\u00a0bogu\u00e9\u00a0\u00bb :<\/p>\n<p class=\"center\"><img decoding=\"async\" src=\"https:\/\/www.creativejuiz.fr\/blog\/wp-content\/uploads\/2013\/06\/garry-tan-facebook-bug.png\" alt=\"garry-tan-facebook-bug\" width=\"581\" height=\"237\" class=\"noborder aligncenter size-full wp-image-3482\" srcset=\"https:\/\/www.creativejuiz.fr\/blog\/wp-content\/uploads\/2013\/06\/garry-tan-facebook-bug.png 581w, https:\/\/www.creativejuiz.fr\/blog\/wp-content\/uploads\/2013\/06\/garry-tan-facebook-bug-300x122.png 300w\" sizes=\"(max-width: 581px) 100vw, 581px\" \/><\/p>\n<p>Ce qu&rsquo;il a rep\u00e9r\u00e9 comme erreur d&rsquo;alignement :<\/p>\n<p class=\"center\"><img decoding=\"async\" src=\"https:\/\/www.creativejuiz.fr\/blog\/wp-content\/uploads\/2013\/06\/garry-tan-facebook-details.png\" alt=\"garry-tan-facebook-details\" width=\"581\" height=\"237\" class=\"noborder aligncenter size-full wp-image-3483\" srcset=\"https:\/\/www.creativejuiz.fr\/blog\/wp-content\/uploads\/2013\/06\/garry-tan-facebook-details.png 581w, https:\/\/www.creativejuiz.fr\/blog\/wp-content\/uploads\/2013\/06\/garry-tan-facebook-details-300x122.png 300w\" sizes=\"(max-width: 581px) 100vw, 581px\" \/><\/p>\n<p>Voici le visuel corrig\u00e9 par Garry.<\/p>\n<p class=\"center\"><img decoding=\"async\" src=\"https:\/\/www.creativejuiz.fr\/blog\/wp-content\/uploads\/2013\/06\/garry-tan-facebook-fixed.png\" alt=\"garry-tan-facebook-fixed\" width=\"581\" height=\"237\" class=\"noborder aligncenter size-full wp-image-3481\" srcset=\"https:\/\/www.creativejuiz.fr\/blog\/wp-content\/uploads\/2013\/06\/garry-tan-facebook-fixed.png 581w, https:\/\/www.creativejuiz.fr\/blog\/wp-content\/uploads\/2013\/06\/garry-tan-facebook-fixed-300x122.png 300w\" sizes=\"(max-width: 581px) 100vw, 581px\" \/><\/p>\n<p>De mon c\u00f4t\u00e9 cela fait \u00e9galement quelques semaines que je per\u00e7ois une g\u00eane sur ce bloc de Facebook, sans savoir d&rsquo;o\u00f9 \u00e7a peut venir.<br \/>\nJ&rsquo;ai donc repris l&rsquo;image de Garry pour analyser les alignements verticaux, et effectivement la grille de mise en page ne semble pas tr\u00e8s pr\u00e9cise :<\/p>\n<p class=\"center\"><img decoding=\"async\" src=\"https:\/\/www.creativejuiz.fr\/blog\/wp-content\/uploads\/2013\/06\/facebook-fail-post.png\" alt=\"facebook-fail-post\" width=\"581\" height=\"237\" class=\"noborder aligncenter size-full wp-image-3485\" srcset=\"https:\/\/www.creativejuiz.fr\/blog\/wp-content\/uploads\/2013\/06\/facebook-fail-post.png 581w, https:\/\/www.creativejuiz.fr\/blog\/wp-content\/uploads\/2013\/06\/facebook-fail-post-300x122.png 300w\" sizes=\"(max-width: 581px) 100vw, 581px\" \/><\/p>\n<p>Voici la box de post une fois corrig\u00e9e :<\/p>\n<p class=\"center\"><img decoding=\"async\" src=\"https:\/\/www.creativejuiz.fr\/blog\/wp-content\/uploads\/2013\/06\/facebook-fail-post-corrected.png\" alt=\"facebook-fail-post-corrected\" width=\"581\" height=\"237\" class=\"noborder aligncenter size-full wp-image-3486\" srcset=\"https:\/\/www.creativejuiz.fr\/blog\/wp-content\/uploads\/2013\/06\/facebook-fail-post-corrected.png 581w, https:\/\/www.creativejuiz.fr\/blog\/wp-content\/uploads\/2013\/06\/facebook-fail-post-corrected-300x122.png 300w\" sizes=\"(max-width: 581px) 100vw, 581px\" \/><\/p>\n<p>Vous allez me prendre pour un perfectionniste du pixel, c&rsquo;est peut-\u00eatre le cas&hellip;<br \/>\nToujours est-il que pour un site sans effet graphique extravaguant (ce n&rsquo;est pas une remarque p\u00e9jorative) le moindre d\u00e9calage de pixel se fait d&rsquo;autant plus ressentir.<\/p>\n<p>J&rsquo;esp\u00e8re que la prochaine mise \u00e0 jour sera efficace \ud83d\ude42<\/p>\n","protected":false},"excerpt":{"rendered":"<p>Il y a quelques jours de cela, Garry Tan nous pr\u00e9sentait un petit d\u00e9faut visuel qui le d\u00e9range sur le site web de Facebook depuis maintenant un petit moment. Quelques mises \u00e0 jour sont pass\u00e9es par l\u00e0, et pour autant le d\u00e9faut rep\u00e9r\u00e9 sur Facebook.com est rest\u00e9 identique.<\/p>\n","protected":false},"author":4,"featured_media":3484,"comment_status":"open","ping_status":"open","sticky":false,"template":"","format":"standard","meta":{"_acf_changed":false,"_bluesky_dont_syndicate":"","_bluesky_syndication_accounts":"","_bluesky_syndication_text":"","footnotes":""},"categories":[130],"tags":[181,549,4],"coauthors":[],"class_list":["post-3477","post","type-post","status-publish","format-standard","has-post-thumbnail","hentry","category-reseaux-sociaux","tag-facebook","tag-pixelperfect","tag-webdesign"],"acf":[],"aioseo_notices":[],"_links":{"self":[{"href":"https:\/\/www.creativejuiz.fr\/blog\/wp-json\/wp\/v2\/posts\/3477","targetHints":{"allow":["GET"]}}],"collection":[{"href":"https:\/\/www.creativejuiz.fr\/blog\/wp-json\/wp\/v2\/posts"}],"about":[{"href":"https:\/\/www.creativejuiz.fr\/blog\/wp-json\/wp\/v2\/types\/post"}],"author":[{"embeddable":true,"href":"https:\/\/www.creativejuiz.fr\/blog\/wp-json\/wp\/v2\/users\/4"}],"replies":[{"embeddable":true,"href":"https:\/\/www.creativejuiz.fr\/blog\/wp-json\/wp\/v2\/comments?post=3477"}],"version-history":[{"count":0,"href":"https:\/\/www.creativejuiz.fr\/blog\/wp-json\/wp\/v2\/posts\/3477\/revisions"}],"wp:featuredmedia":[{"embeddable":true,"href":"https:\/\/www.creativejuiz.fr\/blog\/wp-json\/wp\/v2\/media\/3484"}],"wp:attachment":[{"href":"https:\/\/www.creativejuiz.fr\/blog\/wp-json\/wp\/v2\/media?parent=3477"}],"wp:term":[{"taxonomy":"category","embeddable":true,"href":"https:\/\/www.creativejuiz.fr\/blog\/wp-json\/wp\/v2\/categories?post=3477"},{"taxonomy":"post_tag","embeddable":true,"href":"https:\/\/www.creativejuiz.fr\/blog\/wp-json\/wp\/v2\/tags?post=3477"},{"taxonomy":"author","embeddable":true,"href":"https:\/\/www.creativejuiz.fr\/blog\/wp-json\/wp\/v2\/coauthors?post=3477"}],"curies":[{"name":"wp","href":"https:\/\/api.w.org\/{rel}","templated":true}]}}