{"id":3896,"date":"2014-03-04T23:34:33","date_gmt":"2014-03-04T22:34:33","guid":{"rendered":"https:\/\/www.creativejuiz.fr\/blog\/?p=3896"},"modified":"2014-03-05T12:35:47","modified_gmt":"2014-03-05T11:35:47","slug":"doisjeutiliser-fr-contre-exemples-ergonomiques-illustres","status":"publish","type":"post","link":"https:\/\/www.creativejuiz.fr\/blog\/veille-graphique\/doisjeutiliser-fr-contre-exemples-ergonomiques-illustres","title":{"rendered":"DoisJeUtiliser.fr \u2013 Contre-exemples ergonomiques illustr\u00e9s"},"content":{"rendered":"<p>Cette id\u00e9e, lanc\u00e9e apr\u00e8s une illustration faite par <a href=\"https:\/\/twitter.com\/jared_w_smith\">@jared_w_smith<\/a> d&rsquo;un carrousel volontairement mal impl\u00e9ment\u00e9, avait pour but d&rsquo;illustrer de mani\u00e8re exag\u00e9r\u00e9e les mauvais cas d&rsquo;utilisation de certains \u00ab\u00a0proc\u00e9d\u00e9s\u00a0\u00bb \u00e0 la mode dans le WebDesign. Je crois que \u00e7a vous a plu !<!--more--><\/p>\n<h2>Origine<\/h2>\n<p>\u00c0 la base j&rsquo;\u00e9tais parti sur l&rsquo;id\u00e9e d&rsquo;une traduction de <a href=\"http:\/\/shouldiuseacarousel.com\/\">ShoulIUseACarousel<\/a>, @walterstephanie s&rsquo;\u00e9tant propos\u00e9e pour traduire les textes, j&rsquo;ai rapidement fait un bon gros code sale fait en quelques minutes pour la d\u00e9mo du contre-exemple en Fran\u00e7ais.<br \/>\nEn agence nous avons souvent besoin d&rsquo;illustrer nos propos pour contre-argumenter sur \u00ab\u00a0un besoin\u00a0\u00bb du client, qui tient plus souvent de la mode que d&rsquo;un r\u00e9el besoin. Le diaporama, certainement en t\u00eate de liste, fait partie de ces modes.<\/p>\n<p>Au lieu de me contenter de faire cette traduction de slideshow, j&rsquo;ai finalement choisi de voir plus large. J&rsquo;ai donc pris quelques heures pour coder les deux autres contre-exemples qui me venaient en t\u00eate.<\/p>\n<h2>Pourquoi ces contre-exemples ?<\/h2>\n<p class=\"center\"><img decoding=\"async\" src=\"https:\/\/www.creativejuiz.fr\/blog\/wp-content\/uploads\/2014\/03\/doisjeutiliser-fr.png\" alt=\"\" width=\"600\" height=\"229\" class=\"aligncenter size-full wp-image-3907\" srcset=\"https:\/\/www.creativejuiz.fr\/blog\/wp-content\/uploads\/2014\/03\/doisjeutiliser-fr.png 600w, https:\/\/www.creativejuiz.fr\/blog\/wp-content\/uploads\/2014\/03\/doisjeutiliser-fr-300x114.png 300w\" sizes=\"(max-width: 600px) 100vw, 600px\" \/><\/p>\n<p>Je suis parti du postulat que je ne devais certainement pas \u00eatre le seul \u00e0 avoir besoin de contre-argumenter certaines id\u00e9es de mes clients. Pas que je ne veuille pas leur faire plaisir, mais que bien souvent leurs envies risquent de les desservir, eux et leur projet qu&rsquo;ils veulent abouti.<br \/>\nPour que mes propos soient plus parlants, j&rsquo;\u00e9tais souvent \u00e0 la recherche des contre-exemples pr\u00e9sents sur de vrais sites web. Mais cette recherche prend rapidement beaucoup de temps dans des plannings parfois serr\u00e9s.<\/p>\n<p>Quand j&rsquo;ai vu ce tweet qui m&rsquo;a fait sourire, cela ma confort\u00e9 dans mon id\u00e9e que ces illustrations peuvent servir, et pas uniquement \u00e0 moi.<\/p>\n<blockquote class=\"twitter-tweet\" lang=\"fr\">\n<p>je parle surtout et principalement de cette pop-in intrusive de $*$\u00a3%\u00a8\u00f9%\u00a3 <a href=\"http:\/\/t.co\/Et4cjNROZG\">http:\/\/t.co\/Et4cjNROZG<\/a><\/p>\n<p>&mdash; Bastien (@jeanpaultarte) <a href=\"https:\/\/twitter.com\/jeanpaultarte\/statuses\/440791161419341825\">4 Mars 2014<\/a><\/p><\/blockquote>\n<p>Bref ! Ainsi illustr\u00e9s, les contre-exemples sont \u00e0 port\u00e9e de main pour vous ou vos client.<\/p>\n<h2>De vives r\u00e9actions<\/h2>\n<p>Twitter est un bon vecteur pour \u00e9changer, et avoir des retours plus ou moins vifs.<br \/>\nLorsque j&rsquo;ai <a href=\"https:\/\/twitter.com\/geoffreycrofte\/status\/439839483681177600\">tweet\u00e9 l&rsquo;info<\/a> il y a trois jours, je ne pensais pas que l&rsquo;initiative ravirait autant la communaut\u00e9.<\/p>\n<blockquote class=\"twitter-tweet\" lang=\"fr\">\n<p>&quot;Dois-je utiliser&quot; Le site qui explique pourquoi il ne faut pas faire certaines choses niveau ergonomie <a href=\"http:\/\/t.co\/PeJV3SroVl\">http:\/\/t.co\/PeJV3SroVl<\/a> <a href=\"https:\/\/twitter.com\/search?q=%23webdesign&amp;src=hash\">#webdesign<\/a><\/p>\n<p>&mdash; C\u00e9line Rouqui\u00e9 (@CelineRouquie) <a href=\"https:\/\/twitter.com\/CelineRouquie\/statuses\/440539009857912834\">3 Mars 2014<\/a><\/p><\/blockquote>\n<blockquote class=\"twitter-tweet\" lang=\"fr\">\n<p>J&#39;aimerai bien voir + de sites comme \u00e7a, c&#39;est cool, en fran\u00e7ais et on comprend DIRECT ce qu&#39;on peut apprendre. <a href=\"http:\/\/t.co\/r0ZdZANEKT\">http:\/\/t.co\/r0ZdZANEKT<\/a><\/p>\n<p>&mdash; Elsa Serra \u2605 (@ideospire) <a href=\"https:\/\/twitter.com\/ideospire\/statuses\/440514853841563649\">3 Mars 2014<\/a><\/p><\/blockquote>\n<blockquote class=\"twitter-tweet\" lang=\"fr\">\n<p>+1 RT <a href=\"https:\/\/twitter.com\/ecp_be\">@ecp_be<\/a>: <a href=\"https:\/\/twitter.com\/search?q=%23ergonomie&amp;src=hash\">#ergonomie<\/a> <a href=\"https:\/\/twitter.com\/search?q=%23UX&amp;src=hash\">#UX<\/a> Des contre-exemples illustr\u00e9s. <a href=\"http:\/\/t.co\/vvzcGTjoIO\">http:\/\/t.co\/vvzcGTjoIO<\/a>&#10;J&#39;adore !!! Merci <a href=\"https:\/\/twitter.com\/geoffreycrofte\">@geoffrey_crofte<\/a> !<\/p>\n<p>&mdash; AxeNet (@axenetwit) <a href=\"https:\/\/twitter.com\/axenetwit\/statuses\/439913817506848768\">2 Mars 2014<\/a><\/p><\/blockquote>\n<blockquote class=\"twitter-tweet\" lang=\"fr\">\n<p>Ah ben voil\u00e0 qui est UTILE !! \ud83d\ude42 <a href=\"http:\/\/t.co\/vBqMNSoHr1\">http:\/\/t.co\/vBqMNSoHr1<\/a> via <a href=\"https:\/\/twitter.com\/geoffreycrofte\">@geoffrey_crofte<\/a><\/p>\n<p>&mdash; catepeli (@catepeli) <a href=\"https:\/\/twitter.com\/catepeli\/statuses\/440477422232674304\">3 Mars 2014<\/a><\/p><\/blockquote>\n<blockquote class=\"twitter-tweet\" lang=\"fr\">\n<p>Cette id\u00e9e est top !! Des contre-exemples ergonomiques illustr\u00e9s <a href=\"http:\/\/t.co\/kl0C3griCa\">http:\/\/t.co\/kl0C3griCa<\/a> <a href=\"https:\/\/twitter.com\/search?q=%23webdesign&amp;src=hash\">#webdesign<\/a> via <a href=\"https:\/\/twitter.com\/geoffreycrofte\">@geoffrey_crofte<\/a><\/p>\n<p>&mdash; Margaux Poncelin (@MgxPcl) <a href=\"https:\/\/twitter.com\/MgxPcl\/statuses\/440495146669322240\">3 Mars 2014<\/a><\/p><\/blockquote>\n<blockquote class=\"twitter-tweet\" lang=\"fr\">\n<p>Exemples de mauvaises pratiques ergonomiques tr\u00e8s souvent utilis\u00e9es. En plus c&#39;est dr\u00f4le !&#10;<a href=\"http:\/\/t.co\/TAxPX3Jmd0\">http:\/\/t.co\/TAxPX3Jmd0<\/a> via <a href=\"https:\/\/twitter.com\/geoffreycrofte\">@geoffrey_crofte<\/a><\/p>\n<p>&mdash; Hugo Macarez (@HugoMacarez) <a href=\"https:\/\/twitter.com\/HugoMacarez\/statuses\/440472385259466753\">3 Mars 2014<\/a><\/p><\/blockquote>\n<blockquote class=\"twitter-tweet\" lang=\"fr\">\n<p>Puis-je dire combien j&#39;aime <a href=\"http:\/\/t.co\/y5ih085tUQ\">http:\/\/t.co\/y5ih085tUQ<\/a> ! Une perle d&#39;<a href=\"https:\/\/twitter.com\/search?q=%23ergo&amp;src=hash\">#ergo<\/a> avec plein d&#39;<a href=\"https:\/\/twitter.com\/search?q=%23accessibilite&amp;src=hash\">#accessibilite<\/a> cc <a href=\"https:\/\/twitter.com\/geoffreycrofte\">@geoffrey_crofte<\/a> <a href=\"https:\/\/twitter.com\/victorbritopro\">@victorbritopro<\/a><\/p>\n<p>&mdash; Matthieu Faure (@mfaure) <a href=\"https:\/\/twitter.com\/mfaure\/statuses\/440445698983858176\">3 Mars 2014<\/a><\/p><\/blockquote>\n<h2>Faisons-le \u00e9voluer !<\/h2>\n<p>Vous \u00eates plus de 5 000 personnes \u00e0 avoir visit\u00e9 la totalit\u00e9 du site <a href=\"http:\/\/www.doisjeutiliser.fr\">DoisJeUtiliser.fr<\/a> hier. Cet engouement va motiver l&rsquo;arriv\u00e9e des prochains sujets qui sont d\u00e9j\u00e0 pr\u00eats, il ne reste qu&rsquo;\u00e0 les mettre en forme.<\/p>\n<p>Votre aide peut \u00eatre pr\u00e9cieuse pour apporter de nouvelles id\u00e9es, comme l&rsquo;ont fait spontan\u00e9ment certaines personnes par e-mail ou Twitter :<\/p>\n<blockquote class=\"twitter-tweet\" lang=\"fr\">\n<p><a href=\"https:\/\/twitter.com\/geoffreycrofte\">@geoffrey_crofte<\/a> Je pense qu&#39;il serait int\u00e9ressant de rajouter un sujet concernant le &quot;infinite scroll&quot; sur <a href=\"http:\/\/t.co\/A0BkQjA8ji\">http:\/\/t.co\/A0BkQjA8ji<\/a> !<\/p>\n<p>&mdash; Charles PHILIP (@chrl_p) <a href=\"https:\/\/twitter.com\/chrl_p\/statuses\/439862397671862272\">1 Mars 2014<\/a><\/p><\/blockquote>\n<p>Alors surtout n&rsquo;h\u00e9sitez pas \u00e0 me contacter <a href=\"http:\/\/twitter.com\/geoffreycrofte\">via Twitter<\/a>, les commentaires de ce blog ou sur geoffrey[arobase]doisjeutiliser[point]fr si une id\u00e9e vous vient.<\/p>\n<p>Voici les id\u00e9es d\u00e9j\u00e0 propos\u00e9es :<\/p>\n<ul>\n<li>un <em lang=\"en\">Infinite scroll<\/em> \u2013 par <a href=\"http:\/\/twitter.com\/chrl_p\">@chrl_p<\/a><\/li>\n<li>un bouton reset sur un formulaire  \u2013 par <a href=\"http:\/\/twitter.com\/diou\">@diou<\/a><\/li>\n<li>un scroll vertical invers\u00e9 \u2013 par <a href=\"http:\/\/twitter.com\/diou\">@diou<\/a><\/li>\n<li>une commande au survol \u2013 par <a href=\"http:\/\/twitter.com\/diou\">@diou<\/a> et <a href=\"http:\/\/twitter.com\/michaelcrofte\">@michaelcrofte<\/a><\/li>\n<li>un mot de passe \u00e0 pattern \u2013 par <a href=\"http:\/\/twitter.com\/diou\">@diou<\/a><\/li>\n<li>un intitul\u00e9 non explicite \u2013 par <a href=\"http:\/\/twitter.com\/diou\">@diou<\/a><\/li>\n<li>un menu principal cach\u00e9 \u2013 par <a href=\"http:\/\/twitter.com\/ThieuSalles\">@ThieuSalles<\/a><\/li>\n<\/ul>\n<p>Et tenez-vous inform\u00e9s des prochaines sorties de contre-exemples en vous inscrivant sur la newsletter de <a href=\"http:\/\/www.doisjeutiliser.fr\">DoisJeUtiliser.fr<\/a> (formulaire dans le pied de page).<\/p>\n<p>\u00c0 bient\u00f4t pour de nouvelles aventures !<\/p>\n<div class=\"sources\">\n<h2>Allez plus loin<\/h2>\n<p>D&rsquo;autres ont parl\u00e9 avant moi !<\/p>\n<ul>\n<li><a href=\"http:\/\/www.stpo.fr\/blog\/pourquoi-jai-quitte-ton-site\/\">STPO : pourquoi j&rsquo;ai quitt\u00e9 ton site<\/a><\/li>\n<li><a href=\"http:\/\/lespourquoisdudesign.com\/\">Les Pourquois Du Design<\/a><\/li>\n<\/ul>\n<\/div>\n","protected":false},"excerpt":{"rendered":"<p>Cette id\u00e9e, lanc\u00e9e apr\u00e8s une illustration faite par @jared_w_smith d&rsquo;un carrousel volontairement mal impl\u00e9ment\u00e9, avait pour but d&rsquo;illustrer de mani\u00e8re exag\u00e9r\u00e9e les mauvais cas d&rsquo;utilisation de certains \u00ab\u00a0proc\u00e9d\u00e9s\u00a0\u00bb \u00e0 la mode dans le WebDesign. Je crois que \u00e7a vous a plu !<\/p>\n","protected":false},"author":4,"featured_media":3906,"comment_status":"open","ping_status":"open","sticky":false,"template":"","format":"standard","meta":{"_acf_changed":false,"_bluesky_dont_syndicate":"","_bluesky_syndication_accounts":"","_bluesky_syndication_text":"","footnotes":""},"categories":[50,11],"tags":[297,578,4],"coauthors":[],"class_list":["post-3896","post","type-post","status-publish","format-standard","has-post-thumbnail","hentry","category-ressources-telechargements","category-veille-graphique","tag-ergonomie","tag-ux","tag-webdesign"],"acf":[],"aioseo_notices":[],"_links":{"self":[{"href":"https:\/\/www.creativejuiz.fr\/blog\/wp-json\/wp\/v2\/posts\/3896","targetHints":{"allow":["GET"]}}],"collection":[{"href":"https:\/\/www.creativejuiz.fr\/blog\/wp-json\/wp\/v2\/posts"}],"about":[{"href":"https:\/\/www.creativejuiz.fr\/blog\/wp-json\/wp\/v2\/types\/post"}],"author":[{"embeddable":true,"href":"https:\/\/www.creativejuiz.fr\/blog\/wp-json\/wp\/v2\/users\/4"}],"replies":[{"embeddable":true,"href":"https:\/\/www.creativejuiz.fr\/blog\/wp-json\/wp\/v2\/comments?post=3896"}],"version-history":[{"count":0,"href":"https:\/\/www.creativejuiz.fr\/blog\/wp-json\/wp\/v2\/posts\/3896\/revisions"}],"wp:featuredmedia":[{"embeddable":true,"href":"https:\/\/www.creativejuiz.fr\/blog\/wp-json\/wp\/v2\/media\/3906"}],"wp:attachment":[{"href":"https:\/\/www.creativejuiz.fr\/blog\/wp-json\/wp\/v2\/media?parent=3896"}],"wp:term":[{"taxonomy":"category","embeddable":true,"href":"https:\/\/www.creativejuiz.fr\/blog\/wp-json\/wp\/v2\/categories?post=3896"},{"taxonomy":"post_tag","embeddable":true,"href":"https:\/\/www.creativejuiz.fr\/blog\/wp-json\/wp\/v2\/tags?post=3896"},{"taxonomy":"author","embeddable":true,"href":"https:\/\/www.creativejuiz.fr\/blog\/wp-json\/wp\/v2\/coauthors?post=3896"}],"curies":[{"name":"wp","href":"https:\/\/api.w.org\/{rel}","templated":true}]}}