{"id":414,"date":"2010-08-08T00:35:27","date_gmt":"2010-08-07T22:35:27","guid":{"rendered":"https:\/\/www.creativejuiz.fr\/blog\/?p=414"},"modified":"2015-01-18T17:39:13","modified_gmt":"2015-01-18T16:39:13","slug":"paris-web-les-informations-se-precisent","status":"publish","type":"post","link":"https:\/\/www.creativejuiz.fr\/blog\/evenements\/paris-web-les-informations-se-precisent","title":{"rendered":"Paris Web, les informations se pr\u00e9cisent"},"content":{"rendered":"<p>Des nouvelles du front avec un site toujours en mouvement pour Paris Web.<br \/>\nPour l&rsquo;\u00e9dition 2010 Paris Web pr\u00e9voit du gros, du lourd, avec plein de grands noms dans le domaine.<br \/>\nLe programme se compl\u00e8te petit \u00e0 petit&hellip;<!--more--><\/p>\n<h2>Les orateurs<\/h2>\n<p>Je ne vais pas \u00e9tendre ce billet inutilement, je vous invite simplement \u00e0 aller voir \u00e7a directement sur le site officiel :<br \/>\n<a href=\"http:\/\/www.paris-web.fr\/2010\/orateurs\/\" title=\"La liste des orateurs de l'\u00e9dition 2010 de Paris Web (nouvelle fen\u00eatre)\" target=\"_blank\">Paris Web 2010 &#8211; Liste des orateurs<\/a><br \/>\n(il y a <a href=\"http:\/\/www.paris-web.fr\/2010\/orateurs\/#Goetter\">mon chef<\/a> !!)<\/p>\n<h2>Les conf\u00e9rences<\/h2>\n<p>Et bien&#8230; pareil, les informations sont en mouvement sur cette page du site :<br \/>\n<a href=\"http:\/\/www.paris-web.fr\/2010\/programme\/\" title=\"Le programme de l'\u00e9dition 2010 de Paris Web (nouvelle fen\u00eatre)\" target=\"_blank\">Paris Web 2010 &#8211; Le programme<\/a><\/p>\n<p>Merci pour votre lecture, au plaisir de vous voir sur place en octobre !<\/p>\n","protected":false},"excerpt":{"rendered":"<p>Des nouvelles du front avec un site toujours en mouvement pour Paris Web. Pour l&rsquo;\u00e9dition 2010 Paris Web pr\u00e9voit du gros, du lourd, avec plein de grands noms dans le domaine. Le programme se compl\u00e8te petit \u00e0 petit&hellip;<\/p>\n","protected":false},"author":4,"featured_media":251,"comment_status":"open","ping_status":"open","sticky":false,"template":"","format":"standard","meta":{"_acf_changed":false,"_bluesky_dont_syndicate":"","_bluesky_syndication_accounts":"","_bluesky_syndication_text":"","footnotes":""},"categories":[10],"tags":[109,107,148,83],"coauthors":[597],"class_list":["post-414","post","type-post","status-publish","format-standard","has-post-thumbnail","hentry","category-evenements","tag-atelier","tag-conference","tag-orateurs","tag-paris-web"],"acf":[],"aioseo_notices":[],"_links":{"self":[{"href":"https:\/\/www.creativejuiz.fr\/blog\/wp-json\/wp\/v2\/posts\/414","targetHints":{"allow":["GET"]}}],"collection":[{"href":"https:\/\/www.creativejuiz.fr\/blog\/wp-json\/wp\/v2\/posts"}],"about":[{"href":"https:\/\/www.creativejuiz.fr\/blog\/wp-json\/wp\/v2\/types\/post"}],"author":[{"embeddable":true,"href":"https:\/\/www.creativejuiz.fr\/blog\/wp-json\/wp\/v2\/users\/4"}],"replies":[{"embeddable":true,"href":"https:\/\/www.creativejuiz.fr\/blog\/wp-json\/wp\/v2\/comments?post=414"}],"version-history":[{"count":0,"href":"https:\/\/www.creativejuiz.fr\/blog\/wp-json\/wp\/v2\/posts\/414\/revisions"}],"wp:featuredmedia":[{"embeddable":true,"href":"https:\/\/www.creativejuiz.fr\/blog\/wp-json\/wp\/v2\/media\/251"}],"wp:attachment":[{"href":"https:\/\/www.creativejuiz.fr\/blog\/wp-json\/wp\/v2\/media?parent=414"}],"wp:term":[{"taxonomy":"category","embeddable":true,"href":"https:\/\/www.creativejuiz.fr\/blog\/wp-json\/wp\/v2\/categories?post=414"},{"taxonomy":"post_tag","embeddable":true,"href":"https:\/\/www.creativejuiz.fr\/blog\/wp-json\/wp\/v2\/tags?post=414"},{"taxonomy":"author","embeddable":true,"href":"https:\/\/www.creativejuiz.fr\/blog\/wp-json\/wp\/v2\/coauthors?post=414"}],"curies":[{"name":"wp","href":"https:\/\/api.w.org\/{rel}","templated":true}]}}