{"id":4386,"date":"2014-11-18T10:45:16","date_gmt":"2014-11-18T09:45:16","guid":{"rendered":"https:\/\/www.creativejuiz.fr\/blog\/?p=4386"},"modified":"2014-11-16T23:50:25","modified_gmt":"2014-11-16T22:50:25","slug":"le-pacte-des-mondes-roman-illustre","status":"publish","type":"post","link":"https:\/\/www.creativejuiz.fr\/blog\/veille-graphique\/le-pacte-des-mondes-roman-illustre","title":{"rendered":"Le Pacte Des Mondes &#8211; Roman illustr\u00e9"},"content":{"rendered":"<p>\u00ab\u00a0Dans un futur proche, notre Terre, d\u00e9vast\u00e9e par l&rsquo;Holocauste, abrite une humanit\u00e9 en pleine reconstruction. Celle-ci cohabite avec les elfes, les nains et les autres races du Petit Peuple, sous le joug de l&rsquo;Industrie&nbsp;: une puissante organisation ayant la main-mise sur les villes les plus importantes du continent et leurs ressources.\u00a0\u00bb<!--more--><\/p>\n<p>L\u00e0 vous vous dites&nbsp;: \u00ab\u00a0\u00e7a y est, il a p\u00e9t\u00e9 un c\u00e2ble&nbsp;!\u00a0\u00bb<\/p>\n<p>Non en fait je souhaite vous faire part d&rsquo;un projet de roman illustr\u00e9 dont le premier tome vient d&rsquo;arriver dans ma bo\u00eete ce matin. Je ne parle pas de ma bo\u00eete mail mais bien d&rsquo;un bon gros bouquin.<br \/>\n<figure id=\"attachment_4402\" aria-labelledby=\"figcaption_attachment_4402\" class=\"wp-caption aligncenter\" style=\"width: 460px\"><a class=\"fancy\" href=\"https:\/\/www.creativejuiz.fr\/blog\/wp-content\/uploads\/2014\/11\/le-pacte-des-mondes-carnet-couv.jpg\"><img decoding=\"async\" src=\"https:\/\/www.creativejuiz.fr\/blog\/wp-content\/uploads\/2014\/11\/le-pacte-des-mondes-carnet-couv-600x303.jpg\" alt=\"Le tome 1 de LPDM\" width=\"450\" height=\"227\" class=\"size-large wp-image-4402\" srcset=\"https:\/\/www.creativejuiz.fr\/blog\/wp-content\/uploads\/2014\/11\/le-pacte-des-mondes-carnet-couv-600x303.jpg 600w, https:\/\/www.creativejuiz.fr\/blog\/wp-content\/uploads\/2014\/11\/le-pacte-des-mondes-carnet-couv-300x151.jpg 300w, https:\/\/www.creativejuiz.fr\/blog\/wp-content\/uploads\/2014\/11\/le-pacte-des-mondes-carnet-couv.jpg 1200w\" sizes=\"(max-width: 450px) 100vw, 450px\" \/><\/a><figcaption id=\"figcaption_attachment_4402\" class=\"wp-caption-text\">Le tome 1 de LPDM<\/figcaption><\/figure><\/p>\n<p>Ce projet a pris vie gr\u00e2ce \u00e0 la rencontre de deux de mes amis durant une formation professionnelle commune, et qui les a occup\u00e9 durant ces derni\u00e8res ann\u00e9es, l&rsquo;un (Florian Vionnet) dans la r\u00e9daction des textes et du sc\u00e9nario, l&rsquo;autre (Mathieu Habert) dans l&rsquo;illustration de certains personnages et sc\u00e8nes cl\u00e9s de l&rsquo;histoire.<\/p>\n<p>Le duo a ainsi r\u00e9ussi \u00e0 pendre un joli bouquin avec pas mal d&rsquo;artworks sous forme de cartes postales, et \u00e9galement au format A4.<\/p>\n<figure id=\"attachment_4400\" aria-labelledby=\"figcaption_attachment_4400\" class=\"wp-caption aligncenter\" style=\"width: 460px\"><a class=\"fancy\" href=\"https:\/\/www.creativejuiz.fr\/blog\/wp-content\/uploads\/2014\/11\/le-pacte-des-mondes-artworks-bonux.jpg\"><img decoding=\"async\" src=\"https:\/\/www.creativejuiz.fr\/blog\/wp-content\/uploads\/2014\/11\/le-pacte-des-mondes-artworks-bonux-600x324.jpg\" alt=\"Des cartes postales et une mini BD bonus\" width=\"450\" height=\"243\" class=\"size-large wp-image-4400\" srcset=\"https:\/\/www.creativejuiz.fr\/blog\/wp-content\/uploads\/2014\/11\/le-pacte-des-mondes-artworks-bonux-600x324.jpg 600w, https:\/\/www.creativejuiz.fr\/blog\/wp-content\/uploads\/2014\/11\/le-pacte-des-mondes-artworks-bonux-300x162.jpg 300w, https:\/\/www.creativejuiz.fr\/blog\/wp-content\/uploads\/2014\/11\/le-pacte-des-mondes-artworks-bonux.jpg 1200w\" sizes=\"(max-width: 450px) 100vw, 450px\" \/><\/a><figcaption id=\"figcaption_attachment_4400\" class=\"wp-caption-text\">Des cartes postales et une mini BD bonus<\/figcaption><\/figure>\n<figure id=\"attachment_4399\" aria-labelledby=\"figcaption_attachment_4399\" class=\"wp-caption aligncenter\" style=\"width: 460px\"><a href=\"https:\/\/www.creativejuiz.fr\/blog\/wp-content\/uploads\/2014\/11\/le-pacte-des-mondes-artworks.jpg\" class=\"fancy\"><img decoding=\"async\" src=\"https:\/\/www.creativejuiz.fr\/blog\/wp-content\/uploads\/2014\/11\/le-pacte-des-mondes-artworks-600x432.jpg\" alt=\"Une illustration du roman et les artworks format A4\" width=\"450\" height=\"324\" class=\"size-large wp-image-4399\" srcset=\"https:\/\/www.creativejuiz.fr\/blog\/wp-content\/uploads\/2014\/11\/le-pacte-des-mondes-artworks-600x432.jpg 600w, https:\/\/www.creativejuiz.fr\/blog\/wp-content\/uploads\/2014\/11\/le-pacte-des-mondes-artworks-300x216.jpg 300w, https:\/\/www.creativejuiz.fr\/blog\/wp-content\/uploads\/2014\/11\/le-pacte-des-mondes-artworks.jpg 1200w\" sizes=\"(max-width: 450px) 100vw, 450px\" \/><\/a><figcaption id=\"figcaption_attachment_4399\" class=\"wp-caption-text\">Une illustration du roman et les artworks format A4<\/figcaption><\/figure>\n<p>Difficile de pr\u00e9senter le bouquin ou l&rsquo;histoire sans spoiler, mais vous croiserez au fil de la lecture un univers post apocalyptique dans lequel diff\u00e9rentes ethnies et castes se partagent territoires et richesses, territoires dirig\u00e9s par des Ma\u00ebster qui laisse s&rsquo;appliquer la loi du plus fort, parfois bien pratique pour laisser s&rsquo;appliquer un certain \u00ab\u00a0nettoyage\u00a0\u00bb dans les banlieues de chaque territoire.<br \/>\nM\u00ealant r\u00e9f\u00e9rences g\u00e9ographiques et historiques r\u00e9elles \u00e0 un monde d\u00e9vaster par de nouvelles r\u00e8gles, les h\u00e9ros de cette aventure vont devoir ruser de leurs capacit\u00e9s particuli\u00e8res pour mener \u00e0 bien la mission qu&rsquo;ils se sont donn\u00e9&hellip;<\/p>\n<p>Vous pouvez en d\u00e9couvrir davantage sur <a href=\"http:\/\/www.lepactedesmondes.fr\">LePacteDesMondes.fr<\/a>, notamment en t\u00e9l\u00e9chargeant le <a href=\"http:\/\/www.lepactedesmondes.fr\/project\/telecharger\/\">premier chapitre<\/a>.<\/p>\n<p><a class=\"fancy\" href=\"https:\/\/www.creativejuiz.fr\/blog\/wp-content\/uploads\/2014\/11\/le-pacte-des-mondes-carnet.jpg\"><img decoding=\"async\" src=\"https:\/\/www.creativejuiz.fr\/blog\/wp-content\/uploads\/2014\/11\/le-pacte-des-mondes-carnet-600x450.jpg\" alt=\"le-pacte-des-mondes-carnet\" width=\"450\" height=\"337\" class=\"aligncenter size-large wp-image-4401\" srcset=\"https:\/\/www.creativejuiz.fr\/blog\/wp-content\/uploads\/2014\/11\/le-pacte-des-mondes-carnet-600x450.jpg 600w, https:\/\/www.creativejuiz.fr\/blog\/wp-content\/uploads\/2014\/11\/le-pacte-des-mondes-carnet-300x225.jpg 300w, https:\/\/www.creativejuiz.fr\/blog\/wp-content\/uploads\/2014\/11\/le-pacte-des-mondes-carnet.jpg 1200w\" sizes=\"(max-width: 450px) 100vw, 450px\" \/><\/a><\/p>\n<p>Une belle d\u00e9couverte, aussi bien en lecture qu&rsquo;en illustration ! Je vous laisse vous faire votre propre avis \ud83d\ude42<\/p>\n","protected":false},"excerpt":{"rendered":"<p>\u00ab\u00a0Dans un futur proche, notre Terre, d\u00e9vast\u00e9e par l&rsquo;Holocauste, abrite une humanit\u00e9 en pleine reconstruction. Celle-ci cohabite avec les elfes, les nains et les autres races du Petit Peuple, sous le joug de l&rsquo;Industrie&nbsp;: une puissante organisation ayant la main-mise sur les villes les plus importantes du continent et leurs ressources.\u00a0\u00bb<\/p>\n","protected":false},"author":4,"featured_media":4398,"comment_status":"open","ping_status":"open","sticky":false,"template":"","format":"standard","meta":{"_acf_changed":false,"_bluesky_dont_syndicate":"","_bluesky_syndication_accounts":"","_bluesky_syndication_text":"","footnotes":""},"categories":[11],"tags":[364,35],"coauthors":[597],"class_list":["post-4386","post","type-post","status-publish","format-standard","has-post-thumbnail","hentry","category-veille-graphique","tag-dessin","tag-illustration"],"acf":[],"aioseo_notices":[],"_links":{"self":[{"href":"https:\/\/www.creativejuiz.fr\/blog\/wp-json\/wp\/v2\/posts\/4386","targetHints":{"allow":["GET"]}}],"collection":[{"href":"https:\/\/www.creativejuiz.fr\/blog\/wp-json\/wp\/v2\/posts"}],"about":[{"href":"https:\/\/www.creativejuiz.fr\/blog\/wp-json\/wp\/v2\/types\/post"}],"author":[{"embeddable":true,"href":"https:\/\/www.creativejuiz.fr\/blog\/wp-json\/wp\/v2\/users\/4"}],"replies":[{"embeddable":true,"href":"https:\/\/www.creativejuiz.fr\/blog\/wp-json\/wp\/v2\/comments?post=4386"}],"version-history":[{"count":0,"href":"https:\/\/www.creativejuiz.fr\/blog\/wp-json\/wp\/v2\/posts\/4386\/revisions"}],"wp:featuredmedia":[{"embeddable":true,"href":"https:\/\/www.creativejuiz.fr\/blog\/wp-json\/wp\/v2\/media\/4398"}],"wp:attachment":[{"href":"https:\/\/www.creativejuiz.fr\/blog\/wp-json\/wp\/v2\/media?parent=4386"}],"wp:term":[{"taxonomy":"category","embeddable":true,"href":"https:\/\/www.creativejuiz.fr\/blog\/wp-json\/wp\/v2\/categories?post=4386"},{"taxonomy":"post_tag","embeddable":true,"href":"https:\/\/www.creativejuiz.fr\/blog\/wp-json\/wp\/v2\/tags?post=4386"},{"taxonomy":"author","embeddable":true,"href":"https:\/\/www.creativejuiz.fr\/blog\/wp-json\/wp\/v2\/coauthors?post=4386"}],"curies":[{"name":"wp","href":"https:\/\/api.w.org\/{rel}","templated":true}]}}