{"id":5639,"date":"2016-02-08T17:15:51","date_gmt":"2016-02-08T16:15:51","guid":{"rendered":"https:\/\/www.creativejuiz.fr\/blog\/?p=5639"},"modified":"2016-07-27T20:27:57","modified_gmt":"2016-07-27T18:27:57","slug":"wordcamp-paris-2016-recap-conferences-slides","status":"publish","type":"post","link":"https:\/\/www.creativejuiz.fr\/blog\/evenements\/wordcamp-paris-2016-recap-conferences-slides","title":{"rendered":"WordCamp Paris 2016 \u2013 R\u00e9cap"},"content":{"rendered":"<p>Je fais rarement des comptes-rendus sur les \u00e9v\u00e9nements web auxquels je participe, cependant celui-ci est un peu sp\u00e9cial pour moi, et a le m\u00e9rite d&rsquo;avoir \u00e9t\u00e9 l&rsquo;un des meilleurs auquel j&rsquo;ai pu particip\u00e9 depuis un certain temps. Voici mon compte-rendu et mon exp\u00e9rience personnelle lors du <a href=\"https:\/\/2016.paris.wordcamp.org\/\">WordCamp Paris 2016<\/a>.<\/p>\n<p><!--more--><\/p>\n<h2>La session 2016<\/h2>\n<p>Je n&rsquo;ai h\u00e9las pas d&rsquo;outil de comparaison avec les anciennes sessions \u00e0 Paris, puisque c&rsquo;\u00e9tait mon premier WordCamp Paris, mais compar\u00e9 \u00e0 d&rsquo;autres \u00e9v\u00e9nements, c&rsquo;\u00e9tait probablement l&rsquo;un des meilleurs en terme de lieu, ambiance et organisation, en tout cas pour un \u00e9v\u00e9nement Parisien.<\/p>\n<figure id=\"attachment_5650\" aria-labelledby=\"figcaption_attachment_5650\" class=\"wp-caption aligncenter\" style=\"width: 2058px\"><a href=\"https:\/\/www.creativejuiz.fr\/blog\/wp-content\/uploads\/2016\/02\/wordcamp-paris-2016-all.jpg\" rel=\"attachment wp-att-5650\"><img decoding=\"async\" class=\"size-full wp-image-5650\" src=\"https:\/\/www.creativejuiz.fr\/blog\/wp-content\/uploads\/2016\/02\/wordcamp-paris-2016-all.jpg\" alt=\"Photo par Manuel Schmalstieg\" width=\"2048\" height=\"1068\" srcset=\"https:\/\/www.creativejuiz.fr\/blog\/wp-content\/uploads\/2016\/02\/wordcamp-paris-2016-all.jpg 2048w, https:\/\/www.creativejuiz.fr\/blog\/wp-content\/uploads\/2016\/02\/wordcamp-paris-2016-all-300x156.jpg 300w, https:\/\/www.creativejuiz.fr\/blog\/wp-content\/uploads\/2016\/02\/wordcamp-paris-2016-all-768x401.jpg 768w, https:\/\/www.creativejuiz.fr\/blog\/wp-content\/uploads\/2016\/02\/wordcamp-paris-2016-all-600x313.jpg 600w\" sizes=\"(max-width: 2048px) 100vw, 2048px\" \/><\/a><figcaption id=\"figcaption_attachment_5650\" class=\"wp-caption-text\">Photo par <a href=\"https:\/\/www.flickr.com\/photos\/kinetoskop\/24762584172\/in\/album-72157664201369081\/\">Manuel Schmalstieg<\/a><\/figcaption><\/figure>\n<h3>Le lieu<\/h3>\n<figure id=\"attachment_5673\" aria-labelledby=\"figcaption_attachment_5673\" class=\"wp-caption aligncenter\" style=\"width: 1798px\"><a href=\"https:\/\/www.creativejuiz.fr\/blog\/wp-content\/uploads\/2016\/02\/wordcamp-paris-2016-place.jpg\" rel=\"attachment wp-att-5673\"><img decoding=\"async\" class=\"size-full wp-image-5673\" src=\"https:\/\/www.creativejuiz.fr\/blog\/wp-content\/uploads\/2016\/02\/wordcamp-paris-2016-place.jpg\" alt=\"Photo originale par Christine Viale\" width=\"1788\" height=\"872\" srcset=\"https:\/\/www.creativejuiz.fr\/blog\/wp-content\/uploads\/2016\/02\/wordcamp-paris-2016-place.jpg 1788w, https:\/\/www.creativejuiz.fr\/blog\/wp-content\/uploads\/2016\/02\/wordcamp-paris-2016-place-300x146.jpg 300w, https:\/\/www.creativejuiz.fr\/blog\/wp-content\/uploads\/2016\/02\/wordcamp-paris-2016-place-768x375.jpg 768w, https:\/\/www.creativejuiz.fr\/blog\/wp-content\/uploads\/2016\/02\/wordcamp-paris-2016-place-600x293.jpg 600w\" sizes=\"(max-width: 1788px) 100vw, 1788px\" \/><\/a><figcaption id=\"figcaption_attachment_5673\" class=\"wp-caption-text\">Photo originale par <a href=\"https:\/\/www.flickr.com\/photos\/christineviale\/24799380902\/in\/album-72157663778122939\/\">Christine Viale<\/a><\/figcaption><\/figure>\n<p>Proche de la Tour Eiffel, le Cap 15 fut un lieu plut\u00f4t agr\u00e9able, bien chauff\u00e9 (c&rsquo;est important en F\u00e9vrier), bien \u00e9quip\u00e9 et adapt\u00e9 \u00e0 ce genre d&rsquo;\u00e9v\u00e9nement. La circulation entre les salles et les diff\u00e9rents p\u00f4les (\u00ab\u00a0salon sponsors\u00a0\u00bb, \u00ab\u00a0bar des experts\u00a0\u00bb, et salles de conf\u00e9rences) a \u00e9t\u00e9 plut\u00f4t ais\u00e9 et se faisait sans trop d&rsquo;encombres.<\/p>\n<p>L&rsquo;\u00e9quipe du Cap 15 fut vraiment sympathique et accueillante, chapeau et merci \u00e0 eux.<\/p>\n<h3>Les repas<\/h3>\n<figure id=\"attachment_5651\" aria-labelledby=\"figcaption_attachment_5651\" class=\"wp-caption aligncenter\" style=\"width: 2058px\"><a href=\"https:\/\/www.creativejuiz.fr\/blog\/wp-content\/uploads\/2016\/02\/wordcamp-paris-2016-meal.jpg\" rel=\"attachment wp-att-5651\"><img decoding=\"async\" class=\"size-full wp-image-5651\" src=\"https:\/\/www.creativejuiz.fr\/blog\/wp-content\/uploads\/2016\/02\/wordcamp-paris-2016-meal.jpg\" alt=\"Photo de Manuel Schmalstieg\" width=\"2048\" height=\"1050\" srcset=\"https:\/\/www.creativejuiz.fr\/blog\/wp-content\/uploads\/2016\/02\/wordcamp-paris-2016-meal.jpg 2048w, https:\/\/www.creativejuiz.fr\/blog\/wp-content\/uploads\/2016\/02\/wordcamp-paris-2016-meal-300x154.jpg 300w, https:\/\/www.creativejuiz.fr\/blog\/wp-content\/uploads\/2016\/02\/wordcamp-paris-2016-meal-768x394.jpg 768w, https:\/\/www.creativejuiz.fr\/blog\/wp-content\/uploads\/2016\/02\/wordcamp-paris-2016-meal-600x308.jpg 600w\" sizes=\"(max-width: 2048px) 100vw, 2048px\" \/><\/a><figcaption id=\"figcaption_attachment_5651\" class=\"wp-caption-text\">Photo de <a href=\"https:\/\/www.flickr.com\/photos\/kinetoskop\/24753800611\/in\/album-72157664201369081\/\">Manuel Schmalstieg<\/a><\/figcaption><\/figure>\n<p>Petit b\u00e9mol cependant pour l&rsquo;organisation et le contenu des repas. Certains mets \u00e9taient en bien trop petite quantit\u00e9 (notamment les desserts) et le fait de manger des p\u00e2tes sur deux jours faisait un peu r\u00e9p\u00e9titif. Il \u00e9tait aussi assez difficile de circuler pendant le repas de midi.<\/p>\n<p>Mais cela reste un petit b\u00e9mol, car ce n&rsquo;est pas le plus important dans ce genre d&rsquo;\u00e9v\u00e9nement.<\/p>\n<p>Petit point d&rsquo;inspiration si les organisateurs de ce genre d&rsquo;\u00e9v\u00e9nement me lisent : mentionner le contenu des plats (ingr\u00e9dients) pour chaque plat peut \u00eatre plut\u00f4t int\u00e9ressant pour les allergiques et intol\u00e9rants. Je me souviens que le WordCamp London avait propos\u00e9 par exemple des plats v\u00e9g\u00e9tariens et sans gluten plac\u00e9s bien \u00e0 part des autres plats.<\/p>\n<h3>Les conf\u00e9rences<\/h3>\n<p>Plut\u00f4t d&rsquo;un niveau d\u00e9butant\/mod\u00e9r\u00e9, j&rsquo;ai trouv\u00e9 la s\u00e9lection des conf\u00e9rences et leur organisation dans le planning plut\u00f4t bonnes. C&rsquo;est le cas pour le programme que je me suis fait sur ces deux jours, bien s\u00fbr.<\/p>\n<figure id=\"attachment_5674\" aria-labelledby=\"figcaption_attachment_5674\" class=\"wp-caption aligncenter\" style=\"width: 2058px\"><a href=\"https:\/\/www.creativejuiz.fr\/blog\/wp-content\/uploads\/2016\/02\/wordcamp-paris-2016-conference.jpg\" rel=\"attachment wp-att-5674\"><img decoding=\"async\" class=\"size-full wp-image-5674\" src=\"https:\/\/www.creativejuiz.fr\/blog\/wp-content\/uploads\/2016\/02\/wordcamp-paris-2016-conference.jpg\" alt=\"Photo originale par Christine Viale\" width=\"2048\" height=\"1089\" srcset=\"https:\/\/www.creativejuiz.fr\/blog\/wp-content\/uploads\/2016\/02\/wordcamp-paris-2016-conference.jpg 2048w, https:\/\/www.creativejuiz.fr\/blog\/wp-content\/uploads\/2016\/02\/wordcamp-paris-2016-conference-300x160.jpg 300w, https:\/\/www.creativejuiz.fr\/blog\/wp-content\/uploads\/2016\/02\/wordcamp-paris-2016-conference-768x408.jpg 768w, https:\/\/www.creativejuiz.fr\/blog\/wp-content\/uploads\/2016\/02\/wordcamp-paris-2016-conference-600x319.jpg 600w\" sizes=\"(max-width: 2048px) 100vw, 2048px\" \/><\/a><figcaption id=\"figcaption_attachment_5674\" class=\"wp-caption-text\">Photo originale par <a href=\"https:\/\/www.flickr.com\/photos\/christineviale\/24290865073\/in\/album-72157663778122939\/\">Christine Viale<\/a><\/figcaption><\/figure>\n<p>Le contenu \u00e9tait plut\u00f4t vari\u00e9 : outils, astuces, retours d&rsquo;exp\u00e9rience, th\u00e9orie, pratique, design, technique\u2026 bref, on y trouvait un peu de tout, et c&rsquo;\u00e9tait fort agr\u00e9able.<\/p>\n<p>Le cadre des conf\u00e9rences, notamment les salles et leurs ambiances, \u00e9tait vraiment adapt\u00e9 \u00e0 ce genre d&rsquo;\u00e9v\u00e9nement. Les efforts des organisateurs de ce WordCamp Paris a permis de rendre les conf\u00e9rences interactives et riches, gr\u00e2ce notamment \u00e0 l&rsquo;efficacit\u00e9 de la distribution des micros dans la salle, mais \u00e9galement \u00e0 l&rsquo;expertise de chacun.<\/p>\n<h3>Le bar des experts<\/h3>\n<figure id=\"attachment_5656\" aria-labelledby=\"figcaption_attachment_5656\" class=\"wp-caption aligncenter\" style=\"width: 2058px\"><a href=\"https:\/\/www.creativejuiz.fr\/blog\/wp-content\/uploads\/2016\/02\/wordcamp-paris-2016-bar-des-experts.jpg\" rel=\"attachment wp-att-5656\"><img decoding=\"async\" class=\"size-full wp-image-5656\" src=\"https:\/\/www.creativejuiz.fr\/blog\/wp-content\/uploads\/2016\/02\/wordcamp-paris-2016-bar-des-experts.jpg\" alt=\"Photo originale par Olivier Gobet\" width=\"2048\" height=\"1061\" srcset=\"https:\/\/www.creativejuiz.fr\/blog\/wp-content\/uploads\/2016\/02\/wordcamp-paris-2016-bar-des-experts.jpg 2048w, https:\/\/www.creativejuiz.fr\/blog\/wp-content\/uploads\/2016\/02\/wordcamp-paris-2016-bar-des-experts-300x155.jpg 300w, https:\/\/www.creativejuiz.fr\/blog\/wp-content\/uploads\/2016\/02\/wordcamp-paris-2016-bar-des-experts-768x398.jpg 768w, https:\/\/www.creativejuiz.fr\/blog\/wp-content\/uploads\/2016\/02\/wordcamp-paris-2016-bar-des-experts-600x311.jpg 600w\" sizes=\"(max-width: 2048px) 100vw, 2048px\" \/><\/a><figcaption id=\"figcaption_attachment_5656\" class=\"wp-caption-text\">Photo originale par <a href=\"https:\/\/www.flickr.com\/photos\/gd6d\/24238591074\/in\/dateposted\/\">Olivier Gobet<\/a><\/figcaption><\/figure>\n<p>La pr\u00e9sence du bar des experts a permis \u00e0 pas mal de personnes de b\u00e9n\u00e9ficier de conseils personnalis\u00e9s \u00e0 leurs probl\u00e8mes. Je n&rsquo;ai pas le nombre de b\u00e9n\u00e9ficiaires exact, mais je n&rsquo;ai pas vu le lieu se d\u00e9semplir. Merci \u00e0 la pr\u00e9sence de ces diff\u00e9rents experts qui sauront se reconna\u00eetre \ud83d\ude42<\/p>\n<h3>Les sponsors<\/h3>\n<figure id=\"attachment_5652\" aria-labelledby=\"figcaption_attachment_5652\" class=\"wp-caption aligncenter\" style=\"width: 2058px\"><a href=\"https:\/\/www.creativejuiz.fr\/blog\/wp-content\/uploads\/2016\/02\/wordcamp-paris-2016-sponsors.jpg\" rel=\"attachment wp-att-5652\"><img decoding=\"async\" class=\"size-full wp-image-5652\" src=\"https:\/\/www.creativejuiz.fr\/blog\/wp-content\/uploads\/2016\/02\/wordcamp-paris-2016-sponsors.jpg\" alt=\"Photo par Olivier Gobet\" width=\"2048\" height=\"1048\" srcset=\"https:\/\/www.creativejuiz.fr\/blog\/wp-content\/uploads\/2016\/02\/wordcamp-paris-2016-sponsors.jpg 2048w, https:\/\/www.creativejuiz.fr\/blog\/wp-content\/uploads\/2016\/02\/wordcamp-paris-2016-sponsors-300x154.jpg 300w, https:\/\/www.creativejuiz.fr\/blog\/wp-content\/uploads\/2016\/02\/wordcamp-paris-2016-sponsors-768x393.jpg 768w, https:\/\/www.creativejuiz.fr\/blog\/wp-content\/uploads\/2016\/02\/wordcamp-paris-2016-sponsors-600x307.jpg 600w\" sizes=\"(max-width: 2048px) 100vw, 2048px\" \/><\/a><figcaption id=\"figcaption_attachment_5652\" class=\"wp-caption-text\">Photo par <a href=\"https:\/\/www.flickr.com\/photos\/gd6d\/24499311289\/in\/dateposted\/\">Olivier Gobet<\/a><\/figcaption><\/figure>\n<p>Il y a un autre aspect important quand ton \u00e9quipe (<a href=\"http:\/\/wp-media.me\/\">WP Media<\/a>) a la chance d&rsquo;\u00eatre sponsors de ce genre d&rsquo;\u00e9v\u00e9nement : la place du sponsor.<br \/>\nLa pr\u00e9sence des stands proches des zones de rencontre des participants \u00e9tait une excellente id\u00e9e selon moi. Nous avons pu \u00e9changer avec beaucoup de personnes sur nos produits, curieux ou clients, durant les pauses entre les conf\u00e9rences, ou durant les pauses casse-croute. Les interactions ont \u00e9t\u00e9 nombreuses et c&rsquo;est vraiment un tr\u00e8s bon point pour l&rsquo;organisation !<\/p>\n<h2>Orateur : la premi\u00e8re fois\u2026<\/h2>\n<p>La premi\u00e8re fois fait toujours quelque chose. Et l\u00e0, pour cette premi\u00e8re fois c&rsquo;\u00e9tait g\u00e9nial ! La communaut\u00e9 WordPress fran\u00e7aise et les diff\u00e9rents participants \u00e0 cette \u00e9dition 2016 ont \u00e9t\u00e9 tr\u00e8s accueillants.<\/p>\n<h3>Merci aux organisateurs<\/h3>\n<figure id=\"attachment_5654\" aria-labelledby=\"figcaption_attachment_5654\" class=\"wp-caption aligncenter\" style=\"width: 1907px\"><a href=\"https:\/\/www.creativejuiz.fr\/blog\/wp-content\/uploads\/2016\/02\/wordcamp-paris-2016-organisateurs.jpg\" rel=\"attachment wp-att-5654\"><img decoding=\"async\" class=\"size-full wp-image-5654\" src=\"https:\/\/www.creativejuiz.fr\/blog\/wp-content\/uploads\/2016\/02\/wordcamp-paris-2016-organisateurs.jpg\" alt=\"Photo par Olivier Gobet\" width=\"1897\" height=\"1097\" srcset=\"https:\/\/www.creativejuiz.fr\/blog\/wp-content\/uploads\/2016\/02\/wordcamp-paris-2016-organisateurs.jpg 1897w, https:\/\/www.creativejuiz.fr\/blog\/wp-content\/uploads\/2016\/02\/wordcamp-paris-2016-organisateurs-300x173.jpg 300w, https:\/\/www.creativejuiz.fr\/blog\/wp-content\/uploads\/2016\/02\/wordcamp-paris-2016-organisateurs-768x444.jpg 768w, https:\/\/www.creativejuiz.fr\/blog\/wp-content\/uploads\/2016\/02\/wordcamp-paris-2016-organisateurs-600x347.jpg 600w\" sizes=\"(max-width: 1897px) 100vw, 1897px\" \/><\/a><figcaption id=\"figcaption_attachment_5654\" class=\"wp-caption-text\">Photo par <a href=\"https:\/\/www.flickr.com\/photos\/gd6d\/24571415350\/in\/dateposted\/\">Olivier Gobet<\/a><\/figcaption><\/figure>\n<p>Petit remerciement sp\u00e9cial aux organisateurs qui ont pris vraiment soin des conf\u00e9renciers et se sont attel\u00e9 \u00e0 rendre leur contribution beaucoup moins stressante : accompagnement dans l&rsquo;utilisation des micros, de l&rsquo;\u00e9quipement, gestion de la lumi\u00e8re dans la salle, des \u00e9crans, du son, des bouteilles d&rsquo;eau, etc.<\/p>\n<h3>Notre participation<\/h3>\n<figure id=\"attachment_5653\" aria-labelledby=\"figcaption_attachment_5653\" class=\"wp-caption aligncenter\" style=\"width: 2058px\"><a href=\"https:\/\/www.creativejuiz.fr\/blog\/wp-content\/uploads\/2016\/02\/wordcamp-paris-2016-geoffrey-crofte-matthieu-bousendorfer.jpg\" rel=\"attachment wp-att-5653\"><img decoding=\"async\" class=\"size-full wp-image-5653\" src=\"https:\/\/www.creativejuiz.fr\/blog\/wp-content\/uploads\/2016\/02\/wordcamp-paris-2016-geoffrey-crofte-matthieu-bousendorfer.jpg\" alt=\"Photo par Olivier Gobet\" width=\"2048\" height=\"1134\" srcset=\"https:\/\/www.creativejuiz.fr\/blog\/wp-content\/uploads\/2016\/02\/wordcamp-paris-2016-geoffrey-crofte-matthieu-bousendorfer.jpg 2048w, https:\/\/www.creativejuiz.fr\/blog\/wp-content\/uploads\/2016\/02\/wordcamp-paris-2016-geoffrey-crofte-matthieu-bousendorfer-300x166.jpg 300w, https:\/\/www.creativejuiz.fr\/blog\/wp-content\/uploads\/2016\/02\/wordcamp-paris-2016-geoffrey-crofte-matthieu-bousendorfer-768x425.jpg 768w, https:\/\/www.creativejuiz.fr\/blog\/wp-content\/uploads\/2016\/02\/wordcamp-paris-2016-geoffrey-crofte-matthieu-bousendorfer-600x332.jpg 600w\" sizes=\"(max-width: 2048px) 100vw, 2048px\" \/><\/a><figcaption id=\"figcaption_attachment_5653\" class=\"wp-caption-text\">Photo par <a href=\"https:\/\/www.flickr.com\/photos\/gd6d\/24866878925\/in\/dateposted\/\">Olivier Gobet<\/a><\/figcaption><\/figure>\n<p>Je n&rsquo;\u00e9tais pas seul lors de cette premi\u00e8re conf\u00e9rence donn\u00e9e au <strong>WordCamp Paris 2016<\/strong>, il y avait mon coll\u00e8gue et ami <a href=\"http:\/\/matthieubousendorfer.com\/\">Matthieu Bousendorfer<\/a> qui a \u00e9t\u00e9 une source d&rsquo;inspiration et de soutien pour m&rsquo;\u00e9viter de craquer. Je pense que cette collaboration nous a gonfl\u00e9 de bonnes ondes jusqu&rsquo;au moment de notre pr\u00e9sentation.<\/p>\n<p>Pour \u00eatre plus terre-\u00e0-terre, voici \u00e9galement <a href=\"https:\/\/speakerdeck.com\/creativejuiz\/reconcilier-les-developpeurs-et-designers-autour-dun-theme-wordpress\">nos slides<\/a> disponible sur Speakerdeck. Je compte faire un billet plus d\u00e9taill\u00e9 sur le contenu de notre conf\u00e9rence prochainement.<\/p>\n<p><script class=\"speakerdeck-embed\" src=\"\/\/speakerdeck.com\/assets\/embed.js\" async=\"\" data-id=\"6407c5c469d84c948006033d2fd6204a\" data-ratio=\"1.33333333333333\"><\/script><\/p>\n<p>Voici \u00e9galement la vid\u00e9o de notre pr\u00e9sentation. Merci aux ing\u00e9 et monteurs pour cette vid\u00e9o !<\/p>\n<p><iframe title=\"G. Crofte and M. Bousendorfer: R\u00e9concilier les d\u00e9veloppeurs avec les designers autour d\u2019un th\u00e8me WP\" width=\"500\" height=\"281\" src=\"https:\/\/www.youtube.com\/embed\/K9qr7BAHmU8?feature=oembed\" frameborder=\"0\" allow=\"accelerometer; autoplay; clipboard-write; encrypted-media; gyroscope; picture-in-picture; web-share\" referrerpolicy=\"strict-origin-when-cross-origin\" allowfullscreen><\/iframe><\/p>\n<h2>R\u00e9capitulatif des conf\u00e9rences et slides<\/h2>\n<p>Voici un petit r\u00e9capitulatif des conf\u00e9rences propos\u00e9es avec leurs pr\u00e9sentation et auteur(s). Bonne lecture.<\/p>\n<figure id=\"attachment_5655\" aria-labelledby=\"figcaption_attachment_5655\" class=\"wp-caption aligncenter\" style=\"width: 2039px\"><a href=\"https:\/\/www.creativejuiz.fr\/blog\/wp-content\/uploads\/2016\/02\/wordcamp-paris-2016-orateurs.jpg\" rel=\"attachment wp-att-5655\"><img decoding=\"async\" class=\"size-full wp-image-5655\" src=\"https:\/\/www.creativejuiz.fr\/blog\/wp-content\/uploads\/2016\/02\/wordcamp-paris-2016-orateurs.jpg\" alt=\"Photo originale par Olivier Gobet\" width=\"2029\" height=\"902\" srcset=\"https:\/\/www.creativejuiz.fr\/blog\/wp-content\/uploads\/2016\/02\/wordcamp-paris-2016-orateurs.jpg 2029w, https:\/\/www.creativejuiz.fr\/blog\/wp-content\/uploads\/2016\/02\/wordcamp-paris-2016-orateurs-300x133.jpg 300w, https:\/\/www.creativejuiz.fr\/blog\/wp-content\/uploads\/2016\/02\/wordcamp-paris-2016-orateurs-768x341.jpg 768w, https:\/\/www.creativejuiz.fr\/blog\/wp-content\/uploads\/2016\/02\/wordcamp-paris-2016-orateurs-600x267.jpg 600w\" sizes=\"(max-width: 2029px) 100vw, 2029px\" \/><\/a><figcaption id=\"figcaption_attachment_5655\" class=\"wp-caption-text\">Photo originale par <a href=\"https:\/\/www.flickr.com\/photos\/gd6d\/24840806506\/in\/dateposted\/\">Olivier Gobet<\/a><\/figcaption><\/figure>\n<ul>\n<li><a href=\"http:\/\/slides.com\/jonathanbuttigieg\/vivre-extension-wordpress-wp-rocket#\/\">Vivre d&rsquo;une extension WordPress ? L&rsquo;exemple de WP Rocket<br \/>\n<\/a>par <a href=\"https:\/\/twitter.com\/GeekPressFR\">Jonathan Buttigieg<\/a><\/li>\n<li><a href=\"http:\/\/boiteaweb.fr\/wordpress-et-les-contributions-9919.html\">Pourquoi et comment contribuer au projet WordPress ?<\/a><br \/>\npar <a href=\"https:\/\/twitter.com\/BoiteAWeb\">Julio Potier<\/a><\/li>\n<li><a href=\"http:\/\/fr.slideshare.net\/SeoMix\/les-cls-pour-russir-son-site-wordpress-seomix-au-wordcamp-paris-2016\">Les cl\u00e9s pour r\u00e9ussir son site WordPress<br \/>\n<\/a>par <a href=\"https:\/\/twitter.com\/rochdaniel\">Daniel Roch<\/a><\/li>\n<li><a href=\"https:\/\/speakerdeck.com\/willybahuaud\/lire-le-code-de-wordpress\">Pourquoi et comment lire le code de WordPress ?<\/a><br \/>\npar <a href=\"https:\/\/twitter.com\/willybahuaud\">Willy Bahaud<\/a><\/li>\n<li><a href=\"http:\/\/fr.slideshare.net\/ThomasVillain\/un-design-russi\">Un design r\u00e9ussi<br \/>\n<\/a>par <a href=\"https:\/\/twitter.com\/anybodesign\">Thomas Villain<\/a><\/li>\n<li><a href=\"http:\/\/wp-god.com\/wordcamp\/index.html#\/firstslide\">Favoriser l&rsquo;industrialisation de ses d\u00e9veloppements WordPress gr\u00e2ce \u00e0 la POO<br \/>\n<\/a>par <a href=\"https:\/\/twitter.com\/TDeneulin\">Thomas Deneulin<\/a><\/li>\n<li><a href=\"http:\/\/fr.slideshare.net\/nicolasricher\/prix-wordpress\">\u00c0 quel prix doit-on vendre un site WordPress ?<\/a><br \/>\npar <a href=\"https:\/\/twitter.com\/NicolasRicher\">Nicolas Richer<\/a><\/li>\n<li><a href=\"http:\/\/fr.slideshare.net\/loportun\/http2-quels-impacts-pour-mon-site-wordpress\">HTTP\/2, quelles implications pour mon site WordPress<\/a><br \/>\npar <a href=\"https:\/\/twitter.com\/laurentvergnaud\">Laurent Vergnaud<\/a><\/li>\n<li><a href=\"http:\/\/www.wp-pro.fr\/wordcamp-paris-2016-comment-gerer-des-projets-wordpress-pour-de-gros-clients\/\">Comment g\u00e9rer des projets WordPress pour de gros clients<br \/>\n<\/a>par <a href=\"https:\/\/twitter.com\/Addict2Work\">\u00c9milie Lebrun<\/a><\/li>\n<li><a href=\"http:\/\/slides.com\/maximebj\/comment-api-rest-va-changer-notre-avenir#\/\">Comment l&rsquo;API REST WP va changer notre avenir<br \/>\n<\/a>par <a href=\"https:\/\/twitter.com\/Maximebj\">Maxime BJ<\/a><\/li>\n<li><a href=\"http:\/\/fr.slideshare.net\/cflema\/accelerating-sales-marketing-lessons-for-commercial-wordpress-plugins\">Accelerating Sales<br \/>\n<\/a>par <a href=\"https:\/\/twitter.com\/chrislema\">Chris Lema<\/a><\/li>\n<li><a href=\"http:\/\/fr.slideshare.net\/nicolasjuen\/word-camp-paris-2016\">La WP API : la review technique<\/a><br \/>\npar <a href=\"https:\/\/twitter.com\/Raherian\">Nicolas Juen<\/a><\/li>\n<li><a href=\"https:\/\/speakerdeck.com\/creativejuiz\/reconcilier-les-developpeurs-et-designers-autour-dun-theme-wordpress\">R\u00e9concilier les d\u00e9veloppeurs et designers (autour d&rsquo;un th\u00e8me WordPress)<br \/>\n<\/a>par <a href=\"https:\/\/twitter.com\/edenpulse\">Matthieu Bousendorfer<\/a> &amp; <a href=\"https:\/\/twitter.com\/geoffreycrofte\">Geoffrey Crofte<\/a><\/li>\n<li><a href=\"http:\/\/wp-cli-slides.kirstencassidy.com\/#Cover\">\u00c0 la commande de WP-CLI<br \/>\n<\/a>par <a href=\"https:\/\/twitter.com\/mantismamita\">Kristen Cassidy<\/a><\/li>\n<li><a href=\"http:\/\/fr.slideshare.net\/julienHEDOUX\/construire-un-projet-par-labsurde-wordcamp-paris-2016\">Construire un projet WordPress par l&rsquo;absurde<br \/>\n<\/a>par <a href=\"https:\/\/twitter.com\/jhedoux\">Julien Hedoux<\/a><\/li>\n<li><a href=\"http:\/\/fr.slideshare.net\/MaciejPilarski\/how-to-make-your-wordpress-website-multilingual-wordcamp-paris-2016\">How to make your WordPress website Multilingual<br \/>\n<\/a>par <a href=\"https:\/\/twitter.com\/macpil85\">Maciej Pilarski<\/a><\/li>\n<li><a href=\"http:\/\/fr.slideshare.net\/chipway\/wordcamp-paris2016-communautedrupal\">Comment fonctionnent le projet et la communaut\u00e9 Open Source Drupal<\/a><br \/>\npar <a href=\"https:\/\/twitter.com\/chipway\">L\u00e9on Cros<\/a><\/li>\n<li><a href=\"http:\/\/fr.slideshare.net\/accesbilis\/tester-le-niveau-daccesibilit-dun-thme-wordpress\">Tester le niveau d&rsquo;accessibilit\u00e9 d&rsquo;un th\u00e8me WordPress<br \/>\n<\/a>par <a href=\"https:\/\/twitter.com\/accesbilis\">Claire Bizingre<\/a><\/li>\n<li><a href=\"https:\/\/cldup.com\/wW276vVmxF.pdf\">1 gestion alternative des m\u00e9dias<br \/>\n<\/a>par <a href=\"https:\/\/twitter.com\/imath\">Mathieu Viet<\/a><\/li>\n<li><a href=\"http:\/\/www.maximeculea.fr\/wordpress-et-git-un-wp-config-mutualise\/\">WordPress et Git : un wp-config mutualis\u00e9<br \/>\n<\/a>par <a href=\"https:\/\/twitter.com\/MaximeCulea\">Maxime Culea<\/a><\/li>\n<li><a href=\"http:\/\/fr.slideshare.net\/blupu\/architecture-de-linformation-pour-wordpress\">Architecture de l&rsquo;information pour WordPress<br \/>\n<\/a>par <a href=\"https:\/\/twitter.com\/benjaminlupu\">Benjamin Lupu<\/a><\/li>\n<li><a href=\"https:\/\/fr.slideshare.net\/wpchannel\/conception-despace-client-avance-avec-woocommerce\">Conception d&rsquo;espace client avanc\u00e9 avec WooCommerce<br \/>\n<\/a>par <a href=\"https:\/\/twitter.com\/wpchannel\">Aur\u00e9lien Denis<\/a> et <a href=\"https:\/\/twitter.com\/mickaelgris\">Mikael Gris<\/a><\/li>\n<li><a href=\"https:\/\/speakerdeck.com\/hiwelo\/petit-guide-de-performance-typographie-wordcamp-2016-paris\">Petit guide de performance typographique<br \/>\n<\/a>par <a href=\"https:\/\/twitter.com\/iamhiwelo\">Damien Senger<\/a><\/li>\n<li><a href=\"https:\/\/speakerdeck.com\/herewithme\/diviser-les-requetes-sql-de-votre-site-wordpress-par-10-avec-le-cache-objet-wordcamp-paris-2016\">Diviser les requ\u00eates SQL de votre site WordPress par 10 avec le cache objet<br \/>\n<\/a>par <a href=\"https:\/\/twitter.com\/herewithme\">Amaury Balmer<\/a><\/li>\n<li><a href=\"http:\/\/fr.slideshare.net\/Oelita\/4-sites-communautaires-faits-avec-buddypress-wordcamp-paris-2016\">4 sites communautaires avec BuddyPress<br \/>\n<\/a>par <a href=\"https:\/\/twitter.com\/Oelita\">Sylvie Cl\u00e9ment<\/a><\/li>\n<li><a href=\"http:\/\/bunkrapp.com\/present\/6jc18m\/#1\">Cr\u00e9ez un site aux petits oignons avec la hi\u00e9rarchies des templates et ses fonctions associ\u00e9es<\/a><br \/>\npar <a href=\"https:\/\/twitter.com\/alex_borto\">Alex Bortolotti<\/a><\/li>\n<li><a href=\"http:\/\/slides.com\/alexwaza\/ux\/#\/\">UX, WordPress et process<br \/>\n<\/a>par <a href=\"https:\/\/twitter.com\/alexwaza\">Alexandre Warnia de Zarzecki<\/a><\/li>\n<li>Automated testing of WordPress projects (en attente)<br \/>\npar <a href=\"https:\/\/twitter.com\/eugene_manuilov\">Eugene Manuilov<\/a><\/li>\n<li><a href=\"https:\/\/speakerdeck.com\/mattoperry\/term-meta-wordcamp-paris-2016\">Term Meta<\/a><br \/>\npar <a href=\"https:\/\/twitter.com\/mattoperry\">Matt Perry<\/a><\/li>\n<li><a href=\"http:\/\/fr.slideshare.net\/FrederiqueGame\/conception-de-thmes-construire-et-optimiser-son-espace-de-travail\">Conception de th\u00e8mes : construire et optimiser son espace de travail<br \/>\n<\/a>par <a href=\"https:\/\/twitter.com\/FrederiqueGame\">Fr\u00e9d\u00e9rique Game<\/a><\/li>\n<li><a href=\"https:\/\/jeremy.hu\/wcparis\/\">Les secrets de Jetpack<br \/>\n<\/a>par <a href=\"https:\/\/twitter.com\/jeherve\">Jeremy Herve<\/a><\/li>\n<li><a href=\"https:\/\/t.co\/fS0ZT2ou58\">Valoriser la maintenance de votre parc de sites WordPress<\/a><br \/>\npar <a href=\"https:\/\/twitter.com\/AudrasJb\">Jean-Baptiste Audras<\/a><\/li>\n<\/ul>\n<p>Si des slides ne sont pas pr\u00e9sentes, c&rsquo;est que j&rsquo;ai probablement \u00e9crit l&rsquo;article avant que certaines ne soient publi\u00e9es. Je vais cependant mettre \u00e0 jour l&rsquo;article r\u00e9guli\u00e8rement.<\/p>\n<p><strong>Les vid\u00e9os des conf\u00e9rences<\/strong> figurerons \u00e9galement sur ce r\u00e9sum\u00e9, d\u00e8s qu&rsquo;elles seront disponibles. Mes encouragements au staff qui s&rsquo;en occupe d&rsquo;ailleurs !<\/p>\n<h2>Le mot de la fin<\/h2>\n<p>Encore bravo \u00e0 toute l&rsquo;\u00e9quipe organisatrice, \u00e0 la communaut\u00e9 WordPress pour leur g\u00e9n\u00e9rosit\u00e9 et la bonne ambiance de ces deux jours ensemble.<\/p>\n<p>\u00c0 la prochaine pour de nouvelles aventures, probablement lors du WordCamp Lyon 2016 qui aura lieu courant septembre \ud83d\ude09<\/p>\n<h2>Les amis ont publi\u00e9<\/h2>\n<p>Retrouvez d&rsquo;autres r\u00e9capitulatifs sur :<\/p>\n<ul>\n<li><a href=\"http:\/\/wpmarmite.com\/wordcamp-paris-2016\/\">WP Marmite<\/a><\/li>\n<li><a href=\"http:\/\/blog.juliepirio.com\/retour-wordcamp-2016\/\">Le blog de M\u00e9lusine<\/a><\/li>\n<li><a href=\"http:\/\/parisienneries.fr\/evenements-web\/twittos-officiel-wordcamp-wordpress\/\">Parisienneries<\/a><\/li>\n<li><a href=\"http:\/\/www.wp-spread.com\/wordcamp-paris-2016-mes-slides-sur-lapi-rest-wp-et-resume-de-2-jours-de-folie\/\">WP Spread<\/a><\/li>\n<li><a href=\"http:\/\/anybodesign.com\/retours-sur-le-wordcamp-paris-2016\/\">Anybodesign<\/a><\/li>\n<li><a href=\"http:\/\/blog.netapsys.fr\/retour-sur-le-wordcamp-2016-partie-1\/\">Netapsys<\/a><\/li>\n<li><a href=\"http:\/\/atelier-111.fr\/wcparis2016\/\">Atelier 111<\/a><\/li>\n<\/ul>\n<p>Les albums photos :<\/p>\n<ul>\n<li><a href=\"https:\/\/www.flickr.com\/photos\/gd6d\/albums\/72157664208535312\">Album Photos d&rsquo;Olivier Gobet<\/a><\/li>\n<li><a href=\"https:\/\/www.flickr.com\/photos\/kinetoskop\/albums\/72157664201369081\">Album Photos de Manuel Schmalstieg<\/a><\/li>\n<li><a href=\"https:\/\/www.flickr.com\/photos\/christineviale\/albums\/72157663778122939\">Album Photos de Christine Viale<\/a><\/li>\n<li><a href=\"https:\/\/www.flickr.com\/photos\/rarst\/sets\/72157662233949863\">Album Photos de Andrey Savchenko<\/a><\/li>\n<\/ul>\n","protected":false},"excerpt":{"rendered":"<p>Je fais rarement des comptes-rendus sur les \u00e9v\u00e9nements web auxquels je participe, cependant celui-ci est un peu sp\u00e9cial pour moi, et a le m\u00e9rite d&rsquo;avoir \u00e9t\u00e9 l&rsquo;un des meilleurs auquel j&rsquo;ai pu particip\u00e9 depuis un certain temps. Voici mon compte-rendu et mon exp\u00e9rience personnelle lors du WordCamp Paris 2016.<\/p>\n","protected":false},"author":4,"featured_media":5642,"comment_status":"open","ping_status":"open","sticky":false,"template":"","format":"standard","meta":{"_acf_changed":false,"_bluesky_dont_syndicate":"","_bluesky_syndication_accounts":"","_bluesky_syndication_text":"","footnotes":""},"categories":[10,13],"tags":[107,627,699],"coauthors":[597],"class_list":["post-5639","post","type-post","status-publish","format-standard","has-post-thumbnail","hentry","category-evenements","category-wordpress","tag-conference","tag-wordcamp","tag-wordcamp-paris"],"acf":[],"aioseo_notices":[],"_links":{"self":[{"href":"https:\/\/www.creativejuiz.fr\/blog\/wp-json\/wp\/v2\/posts\/5639","targetHints":{"allow":["GET"]}}],"collection":[{"href":"https:\/\/www.creativejuiz.fr\/blog\/wp-json\/wp\/v2\/posts"}],"about":[{"href":"https:\/\/www.creativejuiz.fr\/blog\/wp-json\/wp\/v2\/types\/post"}],"author":[{"embeddable":true,"href":"https:\/\/www.creativejuiz.fr\/blog\/wp-json\/wp\/v2\/users\/4"}],"replies":[{"embeddable":true,"href":"https:\/\/www.creativejuiz.fr\/blog\/wp-json\/wp\/v2\/comments?post=5639"}],"version-history":[{"count":0,"href":"https:\/\/www.creativejuiz.fr\/blog\/wp-json\/wp\/v2\/posts\/5639\/revisions"}],"wp:featuredmedia":[{"embeddable":true,"href":"https:\/\/www.creativejuiz.fr\/blog\/wp-json\/wp\/v2\/media\/5642"}],"wp:attachment":[{"href":"https:\/\/www.creativejuiz.fr\/blog\/wp-json\/wp\/v2\/media?parent=5639"}],"wp:term":[{"taxonomy":"category","embeddable":true,"href":"https:\/\/www.creativejuiz.fr\/blog\/wp-json\/wp\/v2\/categories?post=5639"},{"taxonomy":"post_tag","embeddable":true,"href":"https:\/\/www.creativejuiz.fr\/blog\/wp-json\/wp\/v2\/tags?post=5639"},{"taxonomy":"author","embeddable":true,"href":"https:\/\/www.creativejuiz.fr\/blog\/wp-json\/wp\/v2\/coauthors?post=5639"}],"curies":[{"name":"wp","href":"https:\/\/api.w.org\/{rel}","templated":true}]}}