{"id":5849,"date":"2016-05-04T12:57:39","date_gmt":"2016-05-04T10:57:39","guid":{"rendered":"https:\/\/www.creativejuiz.fr\/blog\/?p=5849"},"modified":"2016-05-05T13:28:28","modified_gmt":"2016-05-05T11:28:28","slug":"may-the-force-be-with-wp-media","status":"publish","type":"post","link":"https:\/\/www.creativejuiz.fr\/blog\/retours-experience\/may-the-force-be-with-wp-media","title":{"rendered":"May the Force be with WP Media"},"content":{"rendered":"<p>Jour pour jour, il y a un an, j&rsquo;entamais ma premi\u00e8re journ\u00e9e chez WP Media. Une journ\u00e9e pleine d&rsquo;excitation, mais \u00e9galement pleine de doutes et de peurs. Mais ce sont des sentiments agr\u00e9ables qui vous prouvent que vous \u00eates vivant. Retour sur cette premi\u00e8re ann\u00e9e et <strong>premier t\u00e9moignage d&rsquo;un travailleur \u00e0 distance<\/strong>.<\/p>\n<p><!--more--><\/p>\n<p class=\"message remember\">Cet article fait suite, notamment, \u00e0 l&rsquo;article <a href=\"https:\/\/www.creativejuiz.fr\/blog\/retours-experience\/le-teletravail-avantages-et-inconvenients\">Le T\u00e9l\u00e9-travail : Avantages et inconv\u00e9nients<\/a> pr\u00e9sent sur ce blog. Il est l&rsquo;un des premiers t\u00e9moignages propos\u00e9s. D&rsquo;autres exp\u00e9riences viendront le compl\u00e9ter et sont d\u00e9j\u00e0 en \u00e9criture.<\/p>\n<p>Cet article va tenter de vous plonger dans mon exp\u00e9rience. Il ne saurait donc \u00eatre explicite, et \u00e7a n&rsquo;est clairement pas le but. Je vous fais confiance pour ne pas me faire dire ce que je n&rsquo;aurais pas dit, et suis disponible pour en discuter dans les commentaires !<\/p>\n<h2>Excitation et craintes<\/h2>\n<p>Je pense que ces mots vous parlent : que vous entamiez un examen, que vous commenciez un nouveau projet ou que vous rejoigniez une nouvelle \u00e9quipe, il y a toujours ce m\u00e9lange de sentiments qui vous submerge, qui peuvent notamment se traduire verbalement (int\u00e9rieurement ou non) en une tonne de questions. Parmi elles, les classiques : mais qu&rsquo;est-ce qui me prend ? Suis-je pr\u00eat pour cela ? Et si \u00e7a se passe mal ? C&rsquo;est quoi le plan B ? Suis-je l\u00e9gitimement \u00e0 ma place ? Est-ce qu&rsquo;il y aura de la bi\u00e8re ?<\/p>\n<p><strong>Ce sont, selon moi, des questions et une position l\u00e9gitime<\/strong>. Le <a href=\"https:\/\/fr.wikipedia.org\/wiki\/Syndrome_de_l'imposteur\">syndrome de l&rsquo;imposteur<\/a> viendra certainement vous toucher, et encore davantage si vous \u00eates pleinement autodidacte.<\/p>\n<p>Bien entendu, en <a href=\"https:\/\/www.creativejuiz.fr\/blog\/actualites-diverses\/experience-personnelle-demissionner\">quittant une belle \u00e9quipe<\/a> comme celle d&rsquo;Alsacr\u00e9ations et en rejoignant la jeune \u00e9quipe de WP Media, j&rsquo;avais encore plus de questions et d&rsquo;inqui\u00e9tudes, car je me dirigeais en plus vers du t\u00e9l\u00e9-travail.<\/p>\n<blockquote class=\"twitter-tweet\" data-width=\"500\" data-dnt=\"true\">\n<p lang=\"fr\" dir=\"ltr\">L&#39;\u00e9quipe de WP Media s&#39;agrandit un peu plus avec l&#39;arriv\u00e9e de <a href=\"https:\/\/twitter.com\/geoffrey_crofte?ref_src=twsrc%5Etfw\">@geoffrey_crofte<\/a> Bienvenue l&#39;ami \ud83d\ude42<\/p>\n<p>&mdash; Jonathan Buttigieg \u24cc (@GeekPressFR) <a href=\"https:\/\/twitter.com\/GeekPressFR\/status\/595140698195808256?ref_src=twsrc%5Etfw\">May 4, 2015<\/a><\/p><\/blockquote>\n<p><script async src=\"https:\/\/platform.twitter.com\/widgets.js\" charset=\"utf-8\"><\/script><\/p>\n<h2>Le t\u00e9l\u00e9-travail s&rsquo;invite \u00e0 la f\u00eate<\/h2>\n<p>Avec l&rsquo;excitation de rejoindre une nouvelle \u00e9quipe et de nouveaux projets j&rsquo;ai \u00e9galement vu arriver la vraie nouvelle chose que je craignais : le t\u00e9l\u00e9-travail.<\/p>\n<p>Je suis quelqu&rsquo;un qui sait appr\u00e9cier la solitude et qui s&rsquo;auto-g\u00e8re plut\u00f4t bien (je pense), autrement \u00e7a ne ferait pas 6 ans que mon auto-entreprise tient la route. Mais l\u00e0 il ne s&rsquo;agissait plus de travailler de mon c\u00f4t\u00e9 de temps en temps, mais tout le temps. Et \u00e7a, \u00e7a me faisait un peu flipper je dois bien l&rsquo;avouer.<br \/>\nMes craintes derri\u00e8re cette id\u00e9e ?<\/p>\n<ul>\n<li><strong>Un certain renfermement social<\/strong> : ne plus voir physiquement les membres de mon \u00e9quipe, ne plus pouvoir plaisanter sur le vif d&rsquo;un sujet, ne plus voir en personne des clients, ou encore les invitations ap\u00e9ro \u00e0 l&rsquo;arrache des voisins dans les locaux professionnels. C&rsquo;\u00e9tait bien fun.<\/li>\n<li><strong>Le manque d&rsquo;activit\u00e9 physique<\/strong> : rien que devoir se d\u00e9placer \u00e0 pieds, rollers ou v\u00e9lo sur le lieu de travail, \u00e7a faisait entre 15 et 30 min d&rsquo;activit\u00e9 quotidienne.<\/li>\n<li><strong>Le d\u00e9bordement du pro sur le priv\u00e9<\/strong> : en bossant chez soi, le risque de laisser le professionnel prendre des bouts de temps de la vie priv\u00e9e est tr\u00e8s pr\u00e9sent.<\/li>\n<li><strong>L&rsquo;incompr\u00e9hension des proches<\/strong> : je craignais de devoir faire face \u00e0 l&rsquo;incompr\u00e9hension de mes proches. Cette id\u00e9e que bosser chez soi est \u00e9quivalent \u00e0 \u00eatre disponible n&rsquo;importe quand est un vrai probl\u00e8me.<\/li>\n<li><strong>Chez moi ! Chez moi ?<\/strong> Suis-je suffisamment bien \u00e9quip\u00e9 ?<\/li>\n<\/ul>\n<h2>La r\u00e9alit\u00e9, les astuces, et les adaptations<\/h2>\n<p>En vrai, tout ne se passe jamais comme on l&rsquo;imagine. Mais je ne vous apprends rien, j&rsquo;en suis s\u00fbr. Il y a bien des craintes qui s&rsquo;av\u00e8rent justifi\u00e9es, des fois c&rsquo;est m\u00eame pire, mais ce n&rsquo;est en rien une fatalit\u00e9. Voici comment j&rsquo;ai surv\u00e9cu \u00e0 chacune de mes craintes.<\/p>\n<h3>Renfermement social &amp; Activit\u00e9 physique<\/h3>\n<p>Un point important lorsque l&rsquo;on travaille dans nos m\u00e9tiers o\u00f9 l&rsquo;on est souvent assis tout au long de la journ\u00e9e, c&rsquo;est qu&rsquo;<strong>il faut se bouger le popotin \u00e0 un moment<\/strong>. Je fais du Karate depuis maintenant un bon moment, et je me suis mis en plus au Kung-fu pour varier les plaisirs. <strong>Ces activit\u00e9s physiques engendre de nouvelles interactions sociales<\/strong> : sorties entre pratiquants, d\u00e9monstration \u00e0 droite ou \u00e0 gauche tout au long de l&rsquo;ann\u00e9e (notamment pour le nouvel an asiatique), et le turn-over dans ces clubs permettent de rencontrer r\u00e9guli\u00e8rement de nouvelles t\u00eates. Pour le coup, l&rsquo;activit\u00e9 physique est au rendez-vous avec plusieurs entrainement par semaine pour chaque activit\u00e9, en plus des bonus en d\u00e9monstration.<\/p>\n<p>De m\u00eame, j&rsquo;ai conserv\u00e9 de bons liens avec mes anciens coll\u00e8gues, il nous arrive donc de nous voir lors d&rsquo;une soir\u00e9e ou d&rsquo;un d\u00e9jeuner et discuter des nouveaut\u00e9s ou du bon vieux temps :p<br \/>\nJ&rsquo;ai \u00e9galement la chance d&rsquo;avoir deux de mes coll\u00e8gues chez WP Media qui travaillent aussi de chez eux sur Strasbourg (ma ville de r\u00e9sidence actuelle), il nous arrive donc \u00e9galement de travailler chez l&rsquo;un, l&rsquo;autre, ou sur un territoire neutre (pour \u00e9viter les attaques de chat) comme un caf\u00e9 ou une m\u00e9diath\u00e8que.<br \/>\n<strong> C&rsquo;est clairement agr\u00e9able de changer de lieu de travail.<\/strong><\/p>\n<p>L&rsquo;un des avantages de bosser de chez soi d\u00e9coule du d\u00e9savantage en lui-m\u00eame : <strong>l&rsquo;id\u00e9e que bosser dans un Open Space avec des gens cools c&rsquo;est cool est fausse<\/strong>. C&rsquo;est une id\u00e9e re\u00e7ue sur un mode de fonctionnement qui ne convient pas \u00e0 tout le monde. \u00c7a me rappelle cette sc\u00e8ne de CommitStrip.<\/p>\n<p><img decoding=\"async\" class=\"aligncenter size-full wp-image-5853\" src=\"https:\/\/www.creativejuiz.fr\/blog\/wp-content\/uploads\/2016\/05\/Strip-Openspace-kit-650-final.jpg\" alt=\"Strip-Openspace-kit-650-final\" width=\"650\" height=\"611\"><\/p>\n<p>Enfin, j&rsquo;entends par l\u00e0 que ce n&rsquo;est pas toujours le cas. Nous sommes humains, et par cons\u00e9quent notre humeur a le droit de varier. Il est parfois bon de pouvoir s&rsquo;isoler, de ne pas avoir envie d&rsquo;entendre un coll\u00e8gue se plaindre, ou d&rsquo;entendre la musique trop forte dans le casque d&rsquo;un autre, ou encore d&rsquo;\u00eatre sollicit\u00e9 inopin\u00e9ment. En bossant de chez vous, vous avez n&rsquo;aurez a priori pas le choix : vos coll\u00e8gues ne vous g\u00eanerons pas. C&rsquo;est comme \u00e7a que je l&rsquo;ai pris au final : je vois mes coll\u00e8gues ou confr\u00e8res uniquement lorsque j&rsquo;en ai envie, et qu&rsquo;eux sont disponibles, bien entendu.<\/p>\n<p>WP Media c&rsquo;est aussi des coll\u00e8gues \u00e0 l&rsquo;international, alors les voir occasionnellement lors d&rsquo;\u00e9v\u00e8nements annuels fait le plus grand bien.<\/p>\n<h3>Le d\u00e9bordement sur la vie priv\u00e9e<\/h3>\n<p>Actuellement j&rsquo;ai un statut de Cadre Autonome. C&rsquo;est un statut particulier qui ne permet plus de compter en heures par semaine, mais en jours de travail dans l&rsquo;ann\u00e9e, tout en limitant le nombre d&rsquo;heure par jour \u00e0 13. Oui, vous lisez bien. C&rsquo;est donc un statut tr\u00e8s int\u00e9ressant dans le sens de la libert\u00e9 horaire, mais qui peut rapidement vous en faire travailler un bon nombre.<\/p>\n<p><figure id=\"attachment_5860\" aria-labelledby=\"figcaption_attachment_5860\" class=\"wp-caption aligncenter\" style=\"width: 1929px\"><a href=\"https:\/\/www.creativejuiz.fr\/blog\/wp-content\/uploads\/2016\/05\/team-wordcamp-2016.jpg\"><img decoding=\"async\" class=\"size-full wp-image-5860\" src=\"https:\/\/www.creativejuiz.fr\/blog\/wp-content\/uploads\/2016\/05\/team-wordcamp-2016.jpg\" alt=\"Photo par Christine Viale\" width=\"1919\" height=\"899\"><\/a><figcaption id=\"figcaption_attachment_5860\" class=\"wp-caption-text\">Photo par <a href=\"http:\/\/christine-viale.fr\/\">Christine Viale<\/a><\/figcaption><\/figure>Heureusement, chez WP Media, les gens qui y travaillent sont des \u00eatres humains qui comprennent le sens du mot humain. Ce statut me permet donc d&rsquo;organiser mes journ\u00e9es en fonction de mon mode de vie, de mes besoins\u2026 de moi quoi.<br \/>\nIl m&rsquo;arrive d&rsquo;avoir besoin de faire une sieste de temps en temps (peut-\u00eatre du sang de sudiste\u2026), je ne me g\u00eane donc pas pour me reposer. Je laisse alors l&rsquo;aspect priv\u00e9 prendre le pas sur le temps de travail, temps que je d\u00e9cale alors \u00e0 plus tard pour r\u00e9-\u00e9quilibrer les choses. Mon mode de vie me le permet, \u00e7a ne serait peut-\u00eatre pas la m\u00eame chose pour une personne en couple et avec des enfants, mais il suffirait de l&rsquo;adapter.<\/p>\n<p>C&rsquo;est un avantage pour moi comme pour la team : je bosse lorsque je me sens vraiment efficace. Je produis ainsi un travail de meilleure qualit\u00e9, et lorsque je suis vraiment productif cela me permet m\u00eame de travailler moins de temps que lorsque j&rsquo;\u00e9tais en agence sur des horaires fixes.<\/p>\n<p>J&rsquo;ai cependant bien constat\u00e9 qu&rsquo;il y a certains jours o\u00f9 je bosse carr\u00e9ment plus longtemps et plus tard que dans mon pr\u00e9c\u00e9dent job, notamment dans des phases de synergie avec mes coll\u00e8gues sur des \u00e9tapes cl\u00e9s du d\u00e9veloppement de nos produits, par exemple. Je peux clairement comprendre les d\u00e9bordements inh\u00e9rents \u00e0 ce type de synergie, et je pense qu&rsquo;il est important d&rsquo;y faire tr\u00e8s attention, et ne pas se laisser aspirer.<\/p>\n<h2>L&rsquo;incompr\u00e9hension des proches<\/h2>\n<p>J&rsquo;ai probablement la chance d&rsquo;\u00eatre tr\u00e8s bien entour\u00e9 car je n&rsquo;ai pas vraiment eu de probl\u00e8me avec cet aspect de ma vie. Je sais que le probl\u00e8me est rencontr\u00e9 par certains t\u00e9l\u00e9-travailleurs, mais apr\u00e8s une explication de la mani\u00e8re dont je travaille \u00e0 mes parents et amis, je n&rsquo;ai rencontr\u00e9 aucun d\u00e9bordement, ni aucune phrase assassine de la trempe du \u00ab\u00a0tu pourras faire les courses puisque tu es \u00e0 la maison ?\u00a0\u00bb ou \u00ab\u00a0mais du coup c&rsquo;est p\u00e9p\u00e8re ton job !\u00a0\u00bb.<\/p>\n<h2>Mon \u00e9quipement suffit-il ?<\/h2>\n<p>Dans ma t\u00eate, notre travail ne n\u00e9cessite pas beaucoup de mat\u00e9riel, si ce n&rsquo;est un mat\u00e9riel que presque tout particulier poss\u00e8de chez lui pour le loisir. C&rsquo;est donc, au pire des cas, un petit investissement envisageable par soi ou l&rsquo;\u00e9quipe qui m&#8217;embauche.<br \/>\nJe suis plut\u00f4t geek \u00e0 mes heures perdues, et je poss\u00e9dais d\u00e9j\u00e0 tout le mat\u00e9riel n\u00e9cessaire pour travailler d\u00e8s mon premier jour. Voici mon \u00e9quipement actuel et l&rsquo;utilit\u00e9 que j&rsquo;en ai :<\/p>\n<ul>\n<li><a href=\"http:\/\/www.apple.com\/fr\/shop\/buy-mac\/macbook-pro?product=MF839F\/A&amp;step=config\"><strong>Mac Book Pro Retina 13&Prime;<\/strong><\/a> : c&rsquo;est mon outil de travail principal. Celui-ci est \u00e9quip\u00e9 de nombreuses applications de design et d\u00e9veloppement puisque mon activit\u00e9 principale chez WP Media est le d\u00e9veloppement front-end. Il a un max de RAM pour pouvoir faire plein de choses en m\u00eame temps.<\/li>\n<li><a href=\"http:\/\/www.amazon.fr\/gp\/product\/B00LGGCFJQ\/ref=as_li_tl?ie=UTF8&amp;camp=1642&amp;creative=19458&amp;creativeASIN=B00LGGCFJQ&amp;linkCode=as2&amp;tag=creajuiz-21\"><strong>MSI GS70 17&Prime;<\/strong><\/a> : conserver un PC sous Windows me semblait important, et un performant tant qu&rsquo;\u00e0 faire. Son \u00e9quipement me permet de m&rsquo;en servir pour du multi-t\u00e2che design\/dev en d\u00e9placement sans aucun ralentissement, et de faire tourner un jeu de temps en temps pour faire une pause.<\/li>\n<li><a href=\"http:\/\/www.amazon.fr\/gp\/product\/B00FJVI37C\/ref=as_li_tl?ie=UTF8&amp;camp=1642&amp;creative=19458&amp;creativeASIN=B00FJVI37C&amp;linkCode=as2&amp;tag=creajuiz-21\"><strong>\u00c9cran IIyama 27&Prime;<\/strong><\/a> : il me permet de ne pas travailler tout le temps sur du Retina 13&Prime; et de prendre un peu de distance avec l&rsquo;\u00e9cran.<\/li>\n<li><strong><a href=\"http:\/\/www.amazon.fr\/gp\/product\/B00R92CICA\/ref=as_li_tl?ie=UTF8&amp;camp=1642&amp;creative=19458&amp;creativeASIN=B00R92CICA&amp;linkCode=as2&amp;tag=creajuiz-21\">NAS Netgear 4 baies<\/a><\/strong> : actuellement \u00e9quip\u00e9 de 2 disques de 2 To, il pourrait monter \u00e0 un stockage de 24 To max. C&rsquo;est l&rsquo;un de mes outils de sauvegarde, en plus de disques externes classiques. Ce NAS est \u00e9quip\u00e9 d&rsquo;un espace \u00ab\u00a0Time Machine\u00a0\u00bb pour cr\u00e9er r\u00e9guli\u00e8rement des sauvegardes compl\u00e8tes de mon Mac, et me permet un acc\u00e8s distant.<\/li>\n<li><a href=\"http:\/\/www.amazon.fr\/gp\/product\/B002VA464S\/ref=as_li_tl?ie=UTF8&amp;camp=1642&amp;creative=19458&amp;creativeASIN=B002VA464S&amp;linkCode=as2&amp;tag=creajuiz-21\"><strong>Micro Yeti Blue<\/strong><\/a> et <strong><a href=\"http:\/\/www.amazon.fr\/gp\/product\/B008PCB6Y4\/ref=as_li_tl?ie=UTF8&amp;camp=1642&amp;creative=19458&amp;creativeASIN=B008PCB6Y4&amp;linkCode=as2&amp;tag=creajuiz-21\">Casque AKG<\/a><\/strong> : j&rsquo;en ai fait l&rsquo;acquisition un peu plus tard apr\u00e8s mon embauche, vers d\u00e9cembre. Je me suis dit que les principales relations avec mes coll\u00e8gues se font via Skype, ScreenHero ou plus nouvellement le service de call de Slack, et qu&rsquo;il me fallait un son de qualit\u00e9. Je ne regrette vraiment pas l&rsquo;investissement.<\/li>\n<li><strong>Tablettes Samsung, iPad <\/strong>et<strong> iPhone<\/strong> : en arrivant chez WP Media, il m&rsquo;a \u00e9t\u00e9 livr\u00e9 directement chez moi un iPad Mini 2 Wifi afin de faire les tests n\u00e9cessaires \u00e0 nos d\u00e9veloppement. J&rsquo;ai \u00e9galement conserv\u00e9 mes tablettes Samsung Galaxy 10&Prime; et 7&Prime;, ainsi qu&rsquo;un iPhone 4 d&rsquo;occasion, \u00e9galement pour cette fonction. J&rsquo;ai ainsi un mini device-lab chez moi cr\u00e9\u00e9 au fil du temps.<\/li>\n<\/ul>\n<p class=\"message\">Oui il y a certains liens sponsoris\u00e9s, mais j&rsquo;imagine que \u00e7a ne change rien pour vous. Pour rappel, voici la <a href=\"https:\/\/www.creativejuiz.fr\/blog\/politique-liens-affilies\">politique sur les liens affili\u00e9s<\/a> du blog.<\/p>\n<p>En plus du mat\u00e9riel informatique, j&rsquo;ai am\u00e9nag\u00e9 mon bureau pour m&rsquo;y sentir bien : plante verte, un katana au-dessus de la t\u00eate, une lampe de sel et\u2026 non non ce n&rsquo;est pas une PS3 dans l&rsquo;angle de ce bureau. (c&rsquo;est pour d\u00e9corer)<\/p>\n<p><a href=\"https:\/\/www.creativejuiz.fr\/blog\/wp-content\/uploads\/2016\/05\/bureau-espace-travail.jpg\"><img decoding=\"async\" class=\"aligncenter size-full wp-image-5859\" src=\"https:\/\/www.creativejuiz.fr\/blog\/wp-content\/uploads\/2016\/05\/bureau-espace-travail.jpg\" alt=\"bureau-espace-travail\" width=\"1600\" height=\"1176\"><\/a><\/p>\n<p>J&rsquo;ai notamment une table haute (<a href=\"http:\/\/www.ikea.com\/fr\/fr\/catalog\/products\/90087541\/\">table bar<\/a>) qui me sert parfois \u00e0 travailler debout. En posant mon Mac sur un <a href=\"https:\/\/www.twelvesouth.com\/product\/hirise-for-macbook\">HiRise<\/a>, je le place \u00e0 la hauteur id\u00e9ale pour mes bras. Je peux \u00e9galement parfois y brancher un clavier et trackpad externes suivant l&rsquo;envie du moment.<br \/>\nAinsi je bouge entre travail assis et debout assez r\u00e9guli\u00e8rement pour \u00e9viter bien des probl\u00e8mes de dos et d&rsquo;inactivit\u00e9 physique. C&rsquo;est \u00e9galement bon pour les yeux de changer d&rsquo;angle de vue, de luminosit\u00e9 et distance avec l&rsquo;\u00e9cran.<\/p>\n<p>J&rsquo;ai \u00e9galement un abonnement 4G qui me permet d&rsquo;avoir une connexion de secours en cas d&rsquo;envie soudaine de me d\u00e9placer pour travailler ailleurs, parfois hors zone couverte par du Wifi.<\/p>\n<p>Bien s\u00fbr, tout ceci n&rsquo;est pas venu en une fois, ni par l&rsquo;op\u00e9ration du Saint Esprit. J&rsquo;ai cherch\u00e9 ce qui pouvait me convenir, trouv\u00e9 des solutions adapt\u00e9es tout au long de cette premi\u00e8re ann\u00e9e \u00e0 exp\u00e9rimenter des choses. <strong>Mes indispensables aujourd&rsquo;hui sont mon LapTop principal (ici un Mac), le HiRise et mes deux bureaux<\/strong>. Le changement de position est vraiment important pour moi. Le reste est du bonus.<\/p>\n<h2>Prendre le taureau par les cornes<\/h2>\n<p>J&rsquo;ai mis pas mal de temps \u00e0 m&rsquo;adapter, je dois bien l&rsquo;avouer, non pas au travail, mais au fait de voir la m\u00eame pi\u00e8ce chez moi pendant de longues heures. J&rsquo;ai mis un peu de temps \u00e0 trouver des solutions simples aux probl\u00e8mes que je craignais, mais il en existe je pense pour tous les probl\u00e8mes, il ne s&rsquo;agit ensuite que d&rsquo;une mise en \u0153uvre et d&rsquo;une r\u00e9flexion plus ou moins longue.<\/p>\n<blockquote class=\"twitter-tweet\" data-width=\"500\" data-dnt=\"true\">\n<p lang=\"fr\" dir=\"ltr\">Travailler au soleil pas loin de Gandhi \ud83d\ude42 <a href=\"https:\/\/t.co\/iUw4GVzIRr\">pic.twitter.com\/iUw4GVzIRr<\/a><\/p>\n<p>&mdash; Geoffrey Crofte \ud83d\udcd7 (@geoffreycrofte) <a href=\"https:\/\/twitter.com\/geoffreycrofte\/status\/727118162894970880?ref_src=twsrc%5Etfw\">May 2, 2016<\/a><\/p><\/blockquote>\n<p><script async src=\"https:\/\/platform.twitter.com\/widgets.js\" charset=\"utf-8\"><\/script><\/p>\n<p>Peut-\u00eatre que mon habitation actuelle (un grand T1) n&rsquo;est pas encore suffisamment adapt\u00e9e \u00e0 ce t\u00e9l\u00e9-travail, mais d&rsquo;ici peu je devrais pouvoir me r\u00e9server une pi\u00e8ce rien que pour cela avec un \u00e9quipement adapt\u00e9 : un bureau assis-debout et une terrasse pour faire des pauses bulleuses. En attendant je m&rsquo;invente d&rsquo;autres types de pause. Et puisque je n&rsquo;ai pas de contrainte de d\u00e9placement pour aller au boulot, le temps \u00ab\u00a0\u00e9conomis\u00e9\u00a0\u00bb ainsi peut \u00eatre utilis\u00e9 pour se balader, d\u00e9compresser et faire le vide.<\/p>\n<blockquote class=\"twitter-tweet\" data-width=\"500\" data-dnt=\"true\">\n<p lang=\"fr\" dir=\"ltr\">L&#39;avantage quand tu bosses \u00e0 distance et que tes chefs te font confiance, c&#39;est ce genre de pauses. <a href=\"https:\/\/t.co\/WEjETMwUvq\">pic.twitter.com\/WEjETMwUvq<\/a><\/p>\n<p>&mdash; Geoffrey Crofte \ud83d\udcd7 (@geoffreycrofte) <a href=\"https:\/\/twitter.com\/geoffreycrofte\/status\/722416487168925697?ref_src=twsrc%5Etfw\">April 19, 2016<\/a><\/p><\/blockquote>\n<p><script async src=\"https:\/\/platform.twitter.com\/widgets.js\" charset=\"utf-8\"><\/script><\/p>\n<p>Pour ce qui est de la dynamique au sein de l&rsquo;\u00e9quipe, on s&rsquo;est trouv\u00e9 une bonne occupation pour les pauses d\u00e9jeuner qui n&rsquo;ont pas lieu en terrasse : une partie de League of Legend. L&rsquo;avantage c&rsquo;est qu&rsquo;on peut lier l&rsquo;utile \u00e0 l&rsquo;agr\u00e9able. Ben quoi ?! C&rsquo;est une forme de <em>team building<\/em> o\u00f9 chacun fait selon son caract\u00e8re et sa sp\u00e9cialit\u00e9 et o\u00f9 la strat\u00e9gie est de mise.<\/p>\n<p>Enfin, le petit avantage des horaires libres c&rsquo;est de faire les choses de la vie quotidienne lorsque tout le monde est au travail sur ses horaires fixes : RDV administratifs, courses, La Poste, etc. Vous gagnerez un temps fou \u00e0 ne plus faire la queue. Si si, pour de vrai !<\/p>\n<p>Je ne sais vraiment pas si j&rsquo;ai fait le tour, mais j&rsquo;en resterai l\u00e0 pour mon propre retour d&rsquo;exp\u00e9rience sur le t\u00e9l\u00e9-travail. Peut-\u00eatre changerais-je de m\u00e9thodes, d&rsquo;avis ou de solutions en fonction de mes \u00e9volutions personnelles \u00e0 venir, mais en attendant je pense que j&rsquo;aurais du mal \u00e0 revenir en arri\u00e8re. Le temps me le dira \ud83d\ude42<\/p>\n<p>Je vous invite \u00e0 <a href=\"https:\/\/www.creativejuiz.fr\/blog\/contact\">me contacter<\/a> si vous souhaitez \u00e9galement faire part de votre exp\u00e9rience. N&rsquo;h\u00e9sitez pas ! D&rsquo;autres l&rsquo;ont d\u00e9j\u00e0 fait.<\/p>\n","protected":false},"excerpt":{"rendered":"<p>Jour pour jour, il y a un an, j&rsquo;entamais ma premi\u00e8re journ\u00e9e chez WP Media. Une journ\u00e9e pleine d&rsquo;excitation, mais \u00e9galement pleine de doutes et de peurs. Mais ce sont des sentiments agr\u00e9ables qui vous prouvent que vous \u00eates vivant. Retour sur cette premi\u00e8re ann\u00e9e et premier t\u00e9moignage d&rsquo;un travailleur \u00e0 distance.<\/p>\n","protected":false},"author":4,"featured_media":4711,"comment_status":"open","ping_status":"open","sticky":false,"template":"","format":"standard","meta":{"_acf_changed":false,"_bluesky_dont_syndicate":"","_bluesky_syndication_accounts":"","_bluesky_syndication_text":"","footnotes":""},"categories":[700],"tags":[172,87,701],"coauthors":[597],"class_list":["post-5849","post","type-post","status-publish","format-standard","has-post-thumbnail","hentry","category-retours-experience","tag-conseils","tag-freelance","tag-teletravail"],"acf":[],"aioseo_notices":[],"_links":{"self":[{"href":"https:\/\/www.creativejuiz.fr\/blog\/wp-json\/wp\/v2\/posts\/5849","targetHints":{"allow":["GET"]}}],"collection":[{"href":"https:\/\/www.creativejuiz.fr\/blog\/wp-json\/wp\/v2\/posts"}],"about":[{"href":"https:\/\/www.creativejuiz.fr\/blog\/wp-json\/wp\/v2\/types\/post"}],"author":[{"embeddable":true,"href":"https:\/\/www.creativejuiz.fr\/blog\/wp-json\/wp\/v2\/users\/4"}],"replies":[{"embeddable":true,"href":"https:\/\/www.creativejuiz.fr\/blog\/wp-json\/wp\/v2\/comments?post=5849"}],"version-history":[{"count":0,"href":"https:\/\/www.creativejuiz.fr\/blog\/wp-json\/wp\/v2\/posts\/5849\/revisions"}],"wp:featuredmedia":[{"embeddable":true,"href":"https:\/\/www.creativejuiz.fr\/blog\/wp-json\/wp\/v2\/media\/4711"}],"wp:attachment":[{"href":"https:\/\/www.creativejuiz.fr\/blog\/wp-json\/wp\/v2\/media?parent=5849"}],"wp:term":[{"taxonomy":"category","embeddable":true,"href":"https:\/\/www.creativejuiz.fr\/blog\/wp-json\/wp\/v2\/categories?post=5849"},{"taxonomy":"post_tag","embeddable":true,"href":"https:\/\/www.creativejuiz.fr\/blog\/wp-json\/wp\/v2\/tags?post=5849"},{"taxonomy":"author","embeddable":true,"href":"https:\/\/www.creativejuiz.fr\/blog\/wp-json\/wp\/v2\/coauthors?post=5849"}],"curies":[{"name":"wp","href":"https:\/\/api.w.org\/{rel}","templated":true}]}}