{"id":6327,"date":"2017-07-20T19:24:01","date_gmt":"2017-07-20T17:24:01","guid":{"rendered":"https:\/\/www.creativejuiz.fr\/blog\/?p=6327"},"modified":"2021-01-05T01:26:30","modified_gmt":"2021-01-05T00:26:30","slug":"encouragez-vos-employes-suivre-conferences-web","status":"publish","type":"post","link":"https:\/\/www.creativejuiz.fr\/blog\/retours-experience\/encouragez-vos-employes-suivre-conferences-web","title":{"rendered":"Encouragez vos employ\u00e9s \u00e0 suivre des conf\u00e9rences"},"content":{"rendered":"<p>Dans le domaine du Web, une foule d&rsquo;\u00e9v\u00e9nements comme des meetups ou des journ\u00e9es de conf\u00e9rence dans des domaines g\u00e9n\u00e9raux ou plus sp\u00e9cialis\u00e9s (WordPress, E-Commerce, UX, CSS, JS, etc.) nous permettent de nous enrichir professionnellement, culturellement et humainement. Vous devriez tous en b\u00e9n\u00e9ficier.<\/p>\n<p><!--more--><\/p>\n<p>Cet article est issu d&rsquo;une discussion entre professionnels du web, d&rsquo;un changement positif de politique interne au sein de <a href=\"https:\/\/wp-media.me\">WP Media<\/a> (mon employeur) et d\u2019un questionnement avec d\u2019autres acteurs du Web.<br \/>\nSi vous avez une exp\u00e9rience personnelle \u00e0 partager sur le sujet, n&rsquo;h\u00e9sitez pas \u00e0 l&rsquo;ajouter en commentaire de cet article, d&rsquo;autres lecteurs pourront s&rsquo;enrichir de vos exp\u00e9riences.<\/p>\n<h2>Constat<\/h2>\n<p>Il existe aujourd&rsquo;hui encore des entreprises qui doutent de l&rsquo;effet b\u00e9n\u00e9fique que peuvent avoir les conf\u00e9rences ou \u00e9v\u00e8nement assimil\u00e9es sur leurs employ\u00e9s, et donc indirectement (ou m\u00eame directement) sur elles-m\u00eames.<\/p>\n<p>Pire encore, certains employeurs verront ces \u00e9v\u00e9nements comment une perte de temps et vous sortiront alors l&rsquo;excuse ultime : \u00ab\u00a0Ne te plains pas, chez [company_name] ils ne le font pas non plus\u00a0\u00bb.<\/p>\n<p>Oui parce que c&rsquo;est bien connu que c&rsquo;est toujours b\u00e9n\u00e9fique de niveler par le bas, hein <b>\u061f<\/b> (sarcasmes)<\/p>\n<h2>Les mod\u00e8les rencontr\u00e9s<\/h2>\n<p>Sur ce constat plut\u00f4t n\u00e9gatif dans pas mal de cas, j&rsquo;ai rep\u00e9r\u00e9 quelques mod\u00e8les communs propos\u00e9s par les employeurs \u00e0 leurs employ\u00e9s (\u00e0 moins que \u00e7a ne soit l&rsquo;inverse), mais il y en a certainement d&rsquo;autres que je n&rsquo;ai pas encore rencontr\u00e9s.<\/p>\n<p>Tout n&rsquo;est donc pas noir ou blanc, il y a du gris \u00e0 plusieurs nuances.<\/p>\n<h3>Le tout compris<\/h3>\n<p>Vous ne le rencontrerez pas souvent, mais il s&rsquo;agit du mod\u00e8le qui vous fait dire que l&#8217;employeur mise sur le b\u00e9n\u00e9fice des conf\u00e9rences et vous incite grandement \u00e0 en suivre durant l&rsquo;ann\u00e9e, en tant que participant. (je parle de l\u2019aspect \u201corateur\u201d plus tard)<\/p>\n<p>La bo\u00eete qui vous embauche paie tout : frais de d\u00e9placement, frais d&rsquo;entr\u00e9e, frais de bouche, frais de logement et votre salaire. Vous n&rsquo;avez pas de vacances \u00e0 poser pour y aller, pas de frais \u00e0 avancer, vous pouvez vous balader avec une CB de la bo\u00eete et parfois vous avez m\u00eame l&rsquo;autorisation d&rsquo;inviter des collaborateurs\/confr\u00e8res pour l&rsquo;ap\u00e9ro.<\/p>\n<p>C&rsquo;est un parti pris int\u00e9ressant m\u00eame si je peux concevoir que ce mod\u00e8le est facilement sujet \u00e0 abus. Il y a cependant pas mal de moyens pour les limiter.<\/p>\n<h3>Le tout exclu<\/h3>\n<p>\u00c0 l&rsquo;oppos\u00e9 nous avons le mod\u00e8le que je juge comme archa\u00efque : vous vous d\u00e9brouillez en tant qu&#8217;employ\u00e9s pour prendre des cong\u00e9s, payer vos frais, trouver un logement, etc. Au mieux vous arrivez \u00e0 proposer un sujet de conf\u00e9rence et vous faire inviter \u00e0 l&rsquo;\u00e9v\u00e8nement pour r\u00e9duire les frais, au pire vous avez mis de c\u00f4t\u00e9 et \u00eates tr\u00e8s passionn\u00e9s, suffisamment pour tout assumer.<\/p>\n<p>Je n&rsquo;arrive pas \u00e0 comprendre ce mod\u00e8le d&rsquo;un point de vue employeur. Qu&rsquo;est-ce qui justifie le refus de voir son employ\u00e9 s&rsquo;\u00e9panouir, monter en comp\u00e9tences, rencontrer des profils similaires ou compl\u00e9mentaires au sien, et \u00e9ventuellement promouvoir votre marque\/identit\u00e9 ? <strong>Je reste ouvert aux explications<\/strong>.<\/p>\n<h3>Le \u00ab\u00a0\u00e7a d\u00e9pend\u00a0\u00bb<\/h3>\n<p>La bo\u00eete accepte sous condition(s), souvent de s&rsquo;y retrouver en terme d&rsquo;avantages directs : communication, promotion, etc. C&rsquo;est le mod\u00e8le qui est le plus souvent pr\u00e9sent\u00e9 par les employeurs notamment au moment de l&#8217;embauche, puisque bien souvent ceux-ci n&rsquo;ont pas r\u00e9fl\u00e9chi \u00e0 la question si jamais vous leur posez.<br \/>\nCette position est compr\u00e9hensible puisque votre employeur a besoin de conna\u00eetre les b\u00e9n\u00e9fices qu&rsquo;il a \u00e0 tirer de ce genre d&rsquo;avantages offerts \u00e0 l&#8217;employ\u00e9. Cela serait plus simple <strong>s&rsquo;il comprenait tout de suite que c&rsquo;est un avantage pour lui auss<\/strong>i, mais il faut laisser du temps pour \u00e7a.<\/p>\n<p>Souvent des conditions vont \u00eatre pos\u00e9es :<\/p>\n<ul>\n<li>la conf\u00e9rence doit \u00eatre dans le domaine pr\u00e9cis de votre job ou de votre bo\u00eete (ex: vous vendez des boutiques sous WooCommerce, seuls les WordCamp et WooConferences vous sont autoris\u00e9es)<\/li>\n<li>un \u00ab\u00a0cr\u00e9dit conf\u00e9rence\u00a0\u00bb vous sera attribu\u00e9 annuellement, il s&rsquo;agira souvent d&rsquo;un nombre de jours et\/ou d&rsquo;un budget. (ex: 1200 \u20ac \/an et 7 jours)<\/li>\n<li>vous devrez faire la promotion de votre bo\u00eete d&rsquo;une mani\u00e8re ou d&rsquo;une autre. (ex: t-shirt, badge, cartes de visite, le logo sur les slides, etc.)<\/li>\n<li>vous devrez, en tant que conf\u00e9rencier, parler des projets de la bo\u00eete, des produits,\u2026<\/li>\n<li>la participation \u00e0 des conf\u00e9rences vous sera pr\u00e9sent\u00e9e comme une gratification si votre travail est bien fait. (si si je vous promets que \u00e7a existe)<\/li>\n<li>vous devrez partager les connaissances acquises avec vos coll\u00e8gues via un rapport en interne d&rsquo;une mani\u00e8re ou d&rsquo;une autre (formation interne, blog post, etc.)<\/li>\n<li>etc.<\/li>\n<\/ul>\n<p>Vous rencontrerez certainement une ou plusieurs de ces conditions qui permettent \u00e0 l&#8217;employeur d&rsquo;\u00e9viter les abus et d&rsquo;y voir un int\u00e9r\u00eat direct pour la bo\u00eete. C&rsquo;est un bon compromis (suivant le nombre de contraintes qui s&rsquo;imposent), avec le temps la politique peut \u00e9voluer dans plus de libert\u00e9 une fois que l&#8217;employeur a vu le b\u00e9n\u00e9fice r\u00e9el des conf\u00e9rences sur ses ressources humaines.<\/p>\n<p>D&rsquo;ailleurs parlons-en.<\/p>\n<h2>Les b\u00e9n\u00e9fices d&rsquo;une conf\u00e9rence<\/h2>\n<p>Puisque certains employeurs n&rsquo;ont pas toujours conscience des b\u00e9n\u00e9fices de ce type d&rsquo;\u00e9v\u00e8nement (et il ne faut pas les bl\u00e2mer pour cela, ce n&rsquo;est pas toujours \u00e9vident), je vous propose de lister ceux que je vois et qui sont approuv\u00e9s par la plupart de mes confr\u00e8res. (Smashing Conf propose m\u00eame <a href=\"http:\/\/smashingconf.com\/pdf\/8-Reasons-Oxford.pdf\">sa vision des avantages<\/a>) Peut-\u00eatre que cela aidera les employeurs \u00e0 changer leur politique interne \u00e0 ce niveau.<\/p>\n<h3>La formation\/mont\u00e9e en comp\u00e9tence<\/h3>\n<p>C&rsquo;est celle que je lie le plus facilement \u00e0 l&#8217;employeur : la mont\u00e9e en comp\u00e9tence de ses ressources.<br \/>\nLes conf\u00e9rences sont un moyen de se former, d\u00e9couvrir de nouvelles m\u00e9thodes, confronter ses connaissances et exp\u00e9riences aux retours d&rsquo;autres professionnels.<\/p>\n<p><img decoding=\"async\" class=\"aligncenter size-full wp-image-5708\" src=\"https:\/\/www.creativejuiz.fr\/blog\/wp-content\/uploads\/2016\/02\/teletravail-remote-work.jpg\" alt=\"\" width=\"1680\" height=\"772\" srcset=\"https:\/\/www.creativejuiz.fr\/blog\/wp-content\/uploads\/2016\/02\/teletravail-remote-work.jpg 1680w, https:\/\/www.creativejuiz.fr\/blog\/wp-content\/uploads\/2016\/02\/teletravail-remote-work-300x138.jpg 300w, https:\/\/www.creativejuiz.fr\/blog\/wp-content\/uploads\/2016\/02\/teletravail-remote-work-768x353.jpg 768w, https:\/\/www.creativejuiz.fr\/blog\/wp-content\/uploads\/2016\/02\/teletravail-remote-work-600x276.jpg 600w\" sizes=\"(max-width: 1680px) 100vw, 1680px\" \/><\/p>\n<p>M\u00eame s&rsquo;il est difficile de comparer une formation directe et une conf\u00e9rence web, une formation professionnelle avoisine les 500 \u20ac \/ jour, souvent sur plusieurs jours. Un acc\u00e8s \u00e0 une conf\u00e9rence telle que Paris Web vous permet de b\u00e9n\u00e9ficier de 2 jours de conf\u00e9rences et 1 d&rsquo;atelier pour moins de 400 \u20ac au total. Je ne vous fais pas l&rsquo;offense de faire le calcul ?<br \/>\nBien entendu une conf\u00e9rence ne remplace pas une formation professionnelle, les deux formes sont compl\u00e9mentaires. Cependant dans certains domaines tr\u00e8s sp\u00e9cialis\u00e9s il est parfois difficile de trouver des formations, les conf\u00e9rences sont alors un bon moyen d&rsquo;acqu\u00e9rir de nouvelles comp\u00e9tences et connaissances.<\/p>\n<p>Outre l&rsquo;aspect formation \u00e0 moindre frais, les rencontres durant ces \u00e9v\u00e8nements ont un r\u00e9el impact positif sur les professionnels qui y participent.<\/p>\n<h3>La rencontre de \u00ab\u00a0profils\u00a0\u00bb<\/h3>\n<p>Rencontrer de nouvelles personnes n&rsquo;est pas une obligation durant ce type d&rsquo;\u00e9v\u00e9nement. Certaines personnes n&rsquo;aiment pas \u00e7a et je comprends parfaitement.<br \/>\nPour ceux qui ne sont pas aussi asociaux que moi, la rencontre de profils diff\u00e9rents du sien, professionnellement ou humainement permet de s&rsquo;enrichir et de s&rsquo;ouvrir au changement de sa propre vision des choses, dans son domaine ou dans un domaine connexe.<\/p>\n<figure id=\"attachment_5650\" aria-labelledby=\"figcaption_attachment_5650\" class=\"wp-caption aligncenter\" style=\"width: 2058px\"><img decoding=\"async\" class=\"size-full wp-image-5650\" src=\"https:\/\/www.creativejuiz.fr\/blog\/wp-content\/uploads\/2016\/02\/wordcamp-paris-2016-all.jpg\" alt=\"\" width=\"2048\" height=\"1068\" srcset=\"https:\/\/www.creativejuiz.fr\/blog\/wp-content\/uploads\/2016\/02\/wordcamp-paris-2016-all.jpg 2048w, https:\/\/www.creativejuiz.fr\/blog\/wp-content\/uploads\/2016\/02\/wordcamp-paris-2016-all-300x156.jpg 300w, https:\/\/www.creativejuiz.fr\/blog\/wp-content\/uploads\/2016\/02\/wordcamp-paris-2016-all-768x401.jpg 768w, https:\/\/www.creativejuiz.fr\/blog\/wp-content\/uploads\/2016\/02\/wordcamp-paris-2016-all-600x313.jpg 600w\" sizes=\"(max-width: 2048px) 100vw, 2048px\" \/><figcaption id=\"figcaption_attachment_5650\" class=\"wp-caption-text\">Photo par <a href=\"https:\/\/www.flickr.com\/photos\/kinetoskop\/24762584172\/in\/album-72157664201369081\/\">Manuel Schmalstieg<\/a><\/figcaption><\/figure>\n<p>Il est aussi possible d&rsquo;enrichir son r\u00e9seau en faisant graviter autour de soi un certain nombre de profils identiques ou compl\u00e9mentaires au sien. La cr\u00e9ation d&rsquo;un tel r\u00e9seau permet \u00e0 votre employ\u00e9 d&rsquo;y avoir acc\u00e8s pour quelles que raisons que ce soit : entraide, recherche de profil pour une embauche, etc.<br \/>\nC&rsquo;est \u00e9galement une excellente image pour l&rsquo;entreprise qui y envoie son salari\u00e9, car le message \u00ab\u00a0nous proposons \u00e0 nos employ\u00e9s d&rsquo;\u00e9voluer, progresser et s&rsquo;enrichir au sein de conf\u00e9rences web\u00a0\u00bb est transmise directement. Le salari\u00e9 est \u00e9galement un repr\u00e9sentant potentiel de votre identit\u00e9, marque ou produit.<\/p>\n<h3>Le bonheur des salari\u00e9s<\/h3>\n<p>Un autre effet auquel vous pourrez vous attendre en tant qu&#8217;employeur est celui de voir vos salari\u00e9s plus \u00e9panouis. Plus \u00e9panouis parce que vous aurez accept\u00e9 une de leur requ\u00eate, plus \u00e9panouis car ils pourront \u00e9voluer dans leurs comp\u00e9tences et apporter du neuf \u00e0 vos projets, plus \u00e9panouis car une conf\u00e9rence permet de changer du cadre quotidien et rebooster l&rsquo;individu ou une \u00e9quipe compl\u00e8te.<\/p>\n<p>La volont\u00e9 de mettre \u00e0 profit ses nouvelles connaissances et comp\u00e9tences peuvent prendre diff\u00e9rentes formes : le partage au sein de son \u00e9quipe de nouvelles connaissances ou m\u00e9thodes, l&rsquo;utilisation de ces nouvelles m\u00e9thodes sur les projets en cours ou \u00e0 venir afin d&rsquo;\u00eatre encore plus efficient.<\/p>\n<h2>Les b\u00e9n\u00e9fices en tant que conf\u00e9rencier<\/h2>\n<p>Un autre aspect des conf\u00e9rences c&rsquo;est que vous pouvez TOUS \u00eatre orateur si vous le d\u00e9sirez. Et \u00e7a apporte souvent des choses tr\u00e8s b\u00e9n\u00e9fiques.<\/p>\n<h3>La mont\u00e9e en comp\u00e9tences<\/h3>\n<p>La recherche autour d&rsquo;un sujet de conf\u00e9rence permet au conf\u00e9rencier de monter en comp\u00e9tences directement dans son propre domaine, ou dans un domaine voisin. Oui parce que figurez-vous que la plupart des conf\u00e9renciers (je l&rsquo;esp\u00e8re) appuient leur \u00ab\u00a0papier\u00a0\u00bb en effectuant des recherches afin d&rsquo;am\u00e9liorer et renforcer leur pr\u00e9sentation, voire changer ou compl\u00e9ter leur point de vue dans certains cas.<\/p>\n<p><strong>L&rsquo;orateur sp\u00e9cialis\u00e9 dans un domaine l&rsquo;est souvent parce qu&rsquo;il fait de la veille et des recherches dans son domaine.<\/strong> Partager ces connaissances et ses r\u00e9sultats de recherche aux autres est un moyen de r\u00e9cup\u00e9rer du feedback et confronter ses r\u00e9sultats pour s&rsquo;am\u00e9liorer et monter en comp\u00e9tences.<\/p>\n<h3>Les avantages d&rsquo;\u00eatre invit\u00e9<\/h3>\n<p>La plupart des conf\u00e9rences \u00e0 travers le monde invitent les conf\u00e9renciers pour la ou les journ\u00e9es de conf\u00e9rence pour laquelle ils ont \u00e9t\u00e9 retenus en tant qu&rsquo;orateurs. Attention je ne dis pas que c&rsquo;est syst\u00e9matique, mais les organisateurs de ce type d&rsquo;\u00e9v\u00e8nement, d\u00e8s qu&rsquo;ils le peuvent tentent de rendre la conf\u00e9rence gratuite pour les personnes qui donnent de leur temps et de l&rsquo;\u00e9nergie pour animer l&rsquo;\u00e9v\u00e8nement gr\u00e2ce \u00e0 leurs interventions.<\/p>\n<figure id=\"attachment_5673\" aria-labelledby=\"figcaption_attachment_5673\" class=\"wp-caption aligncenter\" style=\"width: 1798px\"><img decoding=\"async\" class=\"size-full wp-image-5673\" src=\"https:\/\/www.creativejuiz.fr\/blog\/wp-content\/uploads\/2016\/02\/wordcamp-paris-2016-place.jpg\" alt=\"\" width=\"1788\" height=\"872\" srcset=\"https:\/\/www.creativejuiz.fr\/blog\/wp-content\/uploads\/2016\/02\/wordcamp-paris-2016-place.jpg 1788w, https:\/\/www.creativejuiz.fr\/blog\/wp-content\/uploads\/2016\/02\/wordcamp-paris-2016-place-300x146.jpg 300w, https:\/\/www.creativejuiz.fr\/blog\/wp-content\/uploads\/2016\/02\/wordcamp-paris-2016-place-768x375.jpg 768w, https:\/\/www.creativejuiz.fr\/blog\/wp-content\/uploads\/2016\/02\/wordcamp-paris-2016-place-600x293.jpg 600w\" sizes=\"(max-width: 1788px) 100vw, 1788px\" \/><figcaption id=\"figcaption_attachment_5673\" class=\"wp-caption-text\">Photo originale par <a href=\"https:\/\/www.flickr.com\/photos\/christineviale\/24799380902\/in\/album-72157663778122939\/\">Christine Viale<\/a><\/figcaption><\/figure>\n<p>Certaines vont m\u00eame plus loin en vous payant les frais de d\u00e9placement et l&rsquo;h\u00e9bergement, ce qui offre un grand b\u00e9n\u00e9fice pour vos employ\u00e9s conf\u00e9renciers : ils montent en comp\u00e9tence en \u00e9tant speaker, en \u00e9coutant les autres conf\u00e9renciers, et n&rsquo;ont aucun \u00ab\u00a0impact n\u00e9gatif\u00a0\u00bb en terme de frais. Apr\u00e8s effectivement il faut accepter d&rsquo;\u00eatre flexible sur vos plannings internes pour lib\u00e9rer une ressource 1, 2 ou 3 jours.<\/p>\n<p>Personnellement, et d&rsquo;autres conf\u00e9renciers de mon entourage le font : je ne propose un sujet qu&rsquo;aux conf\u00e9rences web qui d\u00e9fraient leurs orateurs, autrement cela revient \u00e0 payer (en temps et en frais) pour donner une conf\u00e9rence. Cela me permet ainsi de ne pas avoir des frais mirobolants et m&rsquo;\u00e9vite de demander la participation \u00e0 mon entreprise.<\/p>\n<h2>Mon exp\u00e9rience personnelle<\/h2>\n<p><img decoding=\"async\" class=\"aligncenter size-full wp-image-6338\" src=\"https:\/\/www.creativejuiz.fr\/blog\/wp-content\/uploads\/2017\/07\/linkedin.jpg\" alt=\"\" width=\"1584\" height=\"396\" srcset=\"https:\/\/www.creativejuiz.fr\/blog\/wp-content\/uploads\/2017\/07\/linkedin.jpg 1584w, https:\/\/www.creativejuiz.fr\/blog\/wp-content\/uploads\/2017\/07\/linkedin-300x75.jpg 300w, https:\/\/www.creativejuiz.fr\/blog\/wp-content\/uploads\/2017\/07\/linkedin-768x192.jpg 768w, https:\/\/www.creativejuiz.fr\/blog\/wp-content\/uploads\/2017\/07\/linkedin-600x150.jpg 600w\" sizes=\"(max-width: 1584px) 100vw, 1584px\" \/><\/p>\n<p>J&rsquo;ai commenc\u00e9 \u00e0 m&rsquo;int\u00e9resser aux conf\u00e9rences web depuis maintenant quelques ann\u00e9es, apr\u00e8s avoir commenc\u00e9 mon activit\u00e9 professionnelle au sein d&rsquo;<a href=\"https:\/\/alsacreations.fr\">Alsacr\u00e9ations<\/a>. La politique de l&rsquo;agence web \u00e9tait relativement flexible au d\u00e9but puisque si nous voulions participer \u00e0 une conf\u00e9rence, il suffisait de le demander.<br \/>\nApr\u00e8s quelques embauches, il \u00e9tait devenu plus difficile de g\u00e9rer les disponibilit\u00e9s de chacun et le budget d\u00e9placement, des limites raisonnables avaient donc \u00e9t\u00e9 pos\u00e9es avec notamment des cr\u00e9dits en argent et en jours \u00e0 utiliser durant l&rsquo;ann\u00e9e.<br \/>\nL&rsquo;exception \u00e9tait que si nous \u00e9tions orateur, la bo\u00eete pouvait alors financer \u00ab\u00a0dans la mesure du raisonnable\u00a0\u00bb certaines d\u00e9penses. Les organisateurs de conf\u00e9rences faisant souvent l&rsquo;effort de prendre en charge les d\u00e9penses des orateurs, le raisonnable \u00e9tait souvent au rendez-vous.<\/p>\n<p>Depuis que je travaille avec l&rsquo;\u00e9quipe de <a href=\"https:\/\/wp-media.me\/\">WP Media<\/a>, la politique interne a \u00e9galement \u00e9volu\u00e9 entre le d\u00e9but et aujourd&rsquo;hui. La soci\u00e9t\u00e9 \u00e9tant tr\u00e8s centr\u00e9e sur la solution WordPress, les WordCamps nous \u00e9taient totalement accessibles \u00e0 condition que le d\u00e9placement ne soit pas hors de prix, et si nous \u00e9tions orateur, nos frais \u00e9taient pris en charge par la bo\u00eete. (les WordCamps ne couvrent pas les frais de leurs orateurs h\u00e9las)<br \/>\nS&rsquo;il s&rsquo;agissait d&rsquo;un autre type de conf\u00e9rence, il fallait alors obtenir un accord avant de pouvoir y aller, ou prendre sur ses cong\u00e9s personnels. Pour pr\u00e9venir des probl\u00e8mes \u00e0 venir et prendre en compte les diff\u00e9rents profils de l&rsquo;\u00e9quipe (designer, front-end, managers) la politique a \u00e9t\u00e9 revue pour donner plus de libert\u00e9s aux employ\u00e9s. Nos employeurs ont en effet vu les aspects b\u00e9n\u00e9fiques sur leurs ressources que peuvent avoir les conf\u00e9rences en mati\u00e8re de mont\u00e9e en comp\u00e9tences.<\/p>\n<p>Aujourd&rsquo;hui si je suis orateur durant une conf\u00e9rence, je suis presque libre comme l&rsquo;air, la question des frais \u00e9tant toujours dans la limite du raisonnable. Je prends alors un cong\u00e9 de type \u00ab\u00a0Conf\u00e9rence\u00a0\u00bb dans notre outil en ligne, et ces jours ne sont pas d\u00e9compt\u00e9s de mes vacances.<\/p>\n<p>Si je souhaite participer \u00e0 une conf\u00e9rence autrement, un budget annuel cumulable m&rsquo;est allou\u00e9 sans limite de temps. (1000\u20ac\/an)<br \/>\nSi une ann\u00e9e je me dis que je me ferai bien le WordCamp Tokyo et que l&rsquo;h\u00e9bergement et d\u00e9placement sont trop chers, je peux remettre ma participation \u00e0 plus tard en cumulant ce cr\u00e9dit annuel.<\/p>\n<p>Autre aspect important en tant que conf\u00e9rencier, c&rsquo;est <strong>le temps de pr\u00e9paration de la conf\u00e9rence<\/strong>. Oui parce que mine de rien cela prend un temps fou. Chez WP Media, si le sujet de notre conf\u00e9rence est li\u00e9 \u00e0 un de nos produits ou la soci\u00e9t\u00e9, ou s&rsquo;il s&rsquo;agit d&rsquo;un WordCamp, nous pouvons prendre sur nos\u00a0<em>Breath Weeks<\/em> (semaines hors <em>sprints<\/em>) et temps de travail pour pr\u00e9parer notre talk. Autrement c&rsquo;est sur le temps libre.<\/p>\n<h2>S&rsquo;il fallait conclure<\/h2>\n<p>Comme vous pouvez le voir, la solution pr\u00e9dominante et la plus rencontr\u00e9e est celle des compromis, et c&rsquo;est tout \u00e0 fait normal.<br \/>\nL&rsquo;important selon moi est de permettre \u00e0 l&#8217;employ\u00e9 de participer \u00e0 quelques conf\u00e9rences dans l&rsquo;ann\u00e9e, m\u00eame si c&rsquo;est sous certaines conditions. Pr\u00e9voir des journ\u00e9es non pr\u00e9lev\u00e9es sur les cong\u00e9s et l&#8217;employ\u00e9 et avoir un soutien de son employeur pour ce genre d&rsquo;\u00e9v\u00e8nements b\u00e9n\u00e9fiques pour tout le monde est un sacr\u00e9 avantage dans le monde du travail. Vous ne devriez pas vous en priver.<\/p>\n<p>Merci \u00e0 mes confr\u00e8res pour leurs avis et retours d&rsquo;exp\u00e9rience, et <a href=\"https:\/\/stephaniewalter.fr\/\">St\u00e9phanie<\/a> pour sa relecture, notamment pour me retenir \u00e0 faire des blagues pourries.<\/p>\n","protected":false},"excerpt":{"rendered":"<p>Dans le domaine du Web, une foule d&rsquo;\u00e9v\u00e9nements comme des meetups ou des journ\u00e9es de conf\u00e9rence dans des domaines g\u00e9n\u00e9raux ou plus sp\u00e9cialis\u00e9s (WordPress, E-Commerce, UX, CSS, JS, etc.) nous permettent de nous enrichir professionnellement, culturellement et humainement. Vous devriez tous en b\u00e9n\u00e9ficier.<\/p>\n","protected":false},"author":4,"featured_media":6337,"comment_status":"open","ping_status":"open","sticky":false,"template":"","format":"standard","meta":{"_acf_changed":false,"_bluesky_dont_syndicate":"","_bluesky_syndication_accounts":"","_bluesky_syndication_text":"","footnotes":""},"categories":[700],"tags":[107,172,910,111],"coauthors":[597],"class_list":["post-6327","post","type-post","status-publish","format-standard","has-post-thumbnail","hentry","category-retours-experience","tag-conference","tag-conseils","tag-coup-de-gueule","tag-emploi"],"acf":[],"aioseo_notices":[],"_links":{"self":[{"href":"https:\/\/www.creativejuiz.fr\/blog\/wp-json\/wp\/v2\/posts\/6327","targetHints":{"allow":["GET"]}}],"collection":[{"href":"https:\/\/www.creativejuiz.fr\/blog\/wp-json\/wp\/v2\/posts"}],"about":[{"href":"https:\/\/www.creativejuiz.fr\/blog\/wp-json\/wp\/v2\/types\/post"}],"author":[{"embeddable":true,"href":"https:\/\/www.creativejuiz.fr\/blog\/wp-json\/wp\/v2\/users\/4"}],"replies":[{"embeddable":true,"href":"https:\/\/www.creativejuiz.fr\/blog\/wp-json\/wp\/v2\/comments?post=6327"}],"version-history":[{"count":2,"href":"https:\/\/www.creativejuiz.fr\/blog\/wp-json\/wp\/v2\/posts\/6327\/revisions"}],"predecessor-version":[{"id":7513,"href":"https:\/\/www.creativejuiz.fr\/blog\/wp-json\/wp\/v2\/posts\/6327\/revisions\/7513"}],"wp:featuredmedia":[{"embeddable":true,"href":"https:\/\/www.creativejuiz.fr\/blog\/wp-json\/wp\/v2\/media\/6337"}],"wp:attachment":[{"href":"https:\/\/www.creativejuiz.fr\/blog\/wp-json\/wp\/v2\/media?parent=6327"}],"wp:term":[{"taxonomy":"category","embeddable":true,"href":"https:\/\/www.creativejuiz.fr\/blog\/wp-json\/wp\/v2\/categories?post=6327"},{"taxonomy":"post_tag","embeddable":true,"href":"https:\/\/www.creativejuiz.fr\/blog\/wp-json\/wp\/v2\/tags?post=6327"},{"taxonomy":"author","embeddable":true,"href":"https:\/\/www.creativejuiz.fr\/blog\/wp-json\/wp\/v2\/coauthors?post=6327"}],"curies":[{"name":"wp","href":"https:\/\/api.w.org\/{rel}","templated":true}]}}