{"id":7739,"date":"2021-01-04T13:37:37","date_gmt":"2021-01-04T12:37:37","guid":{"rendered":"https:\/\/www.creativejuiz.fr\/blog?p=7739"},"modified":"2021-01-04T20:47:03","modified_gmt":"2021-01-04T19:47:03","slug":"ce-qui-ne-va-pas-avec-ux-design","status":"publish","type":"post","link":"https:\/\/www.creativejuiz.fr\/blog\/actualites-diverses\/ce-qui-ne-va-pas-avec-ux-design","title":{"rendered":"Qu&rsquo;est-ce qui ne va pas avec le domaine de UX Design\u00a0?"},"content":{"rendered":"<p>C&rsquo;est une r\u00e9elle question que je me pose ces derniers temps, pas une formulation oratoire.<br \/>\nLoin de l&rsquo;envie ou l&rsquo;id\u00e9e de faire du <em>gate keeping<\/em>, au regard de <a href=\"https:\/\/www.creativejuiz.fr\/blog\/retours-experience\/devenir-ux-designer-parcours-echecs-succes\">mon propre parcours<\/a>, ou d&rsquo;apporter une r\u00e9ponse stricte \u00e0 cette question que je vous pose, mais de plus en plus de comportements de mes confr\u00e8res et cons\u0153urs me font me questionner sur les probl\u00e9matiques li\u00e9es \u00e0 l&rsquo;UX Design, notamment sa pratique et son \u00e9vang\u00e9lisation.<\/p>\n<p><!--more--><\/p>\n<p>Avant toute chose, bonne ann\u00e9e 2021 \ud83c\udf89 qui je l&rsquo;esp\u00e8re sera bien plus fun que 2020. Cet article devait normalement conclure 2020, mais je me suis dit que \u00e7a peut-\u00eatre aussi une bonne introduction \u00e0 cette ann\u00e9e\u2026 voire aux prochaines ann\u00e9es \ud83d\ude05<\/p>\n<h2>UX Designer\u200a-\u200aun m\u00e9tier qui n&rsquo;en est pas un\u00a0?<\/h2>\n<p class=\"graf graf--p\">Il n\u2019y a pas longtemps, je lisais un bouquin assez r\u00e9cent des \u00c9ditions Eyrolles. Dans ce bouquin, les auteur\u00b7e\u00b7s apportent des r\u00e9ponses \u00e0 des probl\u00e8matiques qu\u2019ils et elles ont rencontr\u00e9 dans leur bo\u00eete. Un des probl\u00e9matiques est la suivante\u00a0:<\/p>\n<blockquote><p>Tout le monde s&rsquo;improvise UX Designer<\/p><\/blockquote>\n<p>Apparemment, d&rsquo;apr\u00e8s ce livre, ce probl\u00e8me arrive lorsque le travail d&rsquo;\u00e9vang\u00e9lisation a plut\u00f4t bien fonctionn\u00e9, et qu&rsquo;un certain niveau de partage de la notion de design centr\u00e9 utilisateur est atteint au sein d&rsquo;une soci\u00e9t\u00e9. Je suis d&rsquo;accord, et j&rsquo;irais m\u00eame jusqu&rsquo;\u00e0 dire que \u00e7a arrive \u00e9galement quand on ne fait pas d&rsquo;\u00e9vang\u00e9lisation du tout.<\/p>\n<p>Dans les faits\u2014 et je cite les explications dudit livre \u2014comme l&rsquo;UX Design \u00ab\u00a0c&rsquo;est principalement du bon sens\u00a0\u00bb, les collaborateurs se permettent \u00ab\u00a0des initiatives\u00a0\u00bb d&rsquo;atelier o\u00f9 ils prennent le r\u00f4le de facilitateur, et l\u00e0, \u00ab\u00a0l&rsquo;atelier tourne au fiasco\u00a0\u00bb.<\/p>\n<p>Les solutions propos\u00e9es par ce livre ?<br \/>\nProposer des formations informelles, sensibiliser sur les <a href=\"https:\/\/medium.com\/design-ux-francophone\/%C3%A0-la-d%C3%A9couverte-des-biais-cognitifs-le-jeu-de-52-cartes-ux-55851c63686b\">biais (cognitifs)<\/a> et adopter une posture d&rsquo;ouverture, sous-entendant par la suite : encourager les collaborateur\u00b7rice\u00b7s \u00e0 faire le travail d&rsquo;UX Designer par eux ou elles-m\u00eames, sans en avoir vraiment les comp\u00e9tences de base, ni en design, ni en facilitation.<\/p>\n<p>Je ne vais pas rentrer dans le d\u00e9tail de chacune des solutions qui se limitent en plus \u00e0 1 pauvre paragraphe de texte, mais vous n&rsquo;y voyez pas un probl\u00e8me ? Vous qui \u00eates designer en devenir, designer, ou d\u00e9veloppeur ou peu importe votre domaine de pratique et sp\u00e9cialisation\u2026 qu&rsquo;en pensez-vous ?<\/p>\n<h3>N&rsquo;importe qui peut devenir UX Designer<\/h3>\n<p>Un des d\u00e9tails de ces solutions est quand m\u00eame de proposer une session de formation une fois par mois pendant 1h durant le d\u00e9jeuner par exemple. D&rsquo;apr\u00e8s ce livre, il serait donc apparemment possible de devenir UX Designer avec une formation de 12h dans l&rsquo;ann\u00e9e.<\/p>\n<p>Pensez-vous vraiment qu&rsquo;il soit possible de devenir UX Designer, et donc de couvrir des connaissances assez vastes dans les sciences cognitives et sociales, le design d&rsquo;interface, <a href=\"https:\/\/medium.com\/design-ux-francophone\/place-psychologie-design-ux-beeb62351cb0\">la psychologie<\/a> et l\u2019ethnologie avec 60h en 5 ans de formation entre midi et deux heures ?<\/p>\n<p>Autres questions : d&rsquo;o\u00f9 vient ce besoin (ou fait) de confondre \u00e9vang\u00e9lisation et \u00ab\u00a0tout le monde devrait faire du design\u00a0\u00bb ? Est-ce un besoin de reconnaissance de notre m\u00e9tier souvent m\u00e9connu ? Pensez-vous que vendre au rabais le niveau de comp\u00e9tences et connaissances n\u00e9cessaires du domaine permettent d&rsquo;en faciliter sa compr\u00e9hension ou sa reconnaissance ?<\/p>\n<p>C&rsquo;est bien tout cela m\u00e9lang\u00e9 qui me pose un \u00e9norme souci dans le m\u00e9tier aujourd&rsquo;hui, ou dans la mani\u00e8re dont mes cons\u0153urs et confr\u00e8res le (se) vendent.<\/p>\n<h3>Confondre \u00e9vang\u00e9lisation et pratique<\/h3>\n<p>Le but de l&rsquo;\u00e9vang\u00e9lisation est de faire monter le niveau de conscience dans un domaine ou sur un sujet pr\u00e9cis, \u00e0 la base religieux, mais ce terme est beaucoup utilis\u00e9 dans nos domaines. Il n&rsquo;a pas pour but de faire monter fondamentalement le niveau de connaissances (quoique\u2026) ou comp\u00e9tences dans ce domaine en lui-m\u00eame. (Tout <a href=\"https:\/\/fr.wikipedia.org\/wiki\/%C3%89vang%C3%A9lisation\">comme en religion<\/a>, le but n&rsquo;est pas de vous faire devenir pr\u00eatre, mais de diffuser la croyance)<br \/>\nC&rsquo;est une distinction importante qui, si vous ne savez pas la faire, vous am\u00e8nera aux probl\u00e8mes soulev\u00e9s au d\u00e9but de cet article.<\/p>\n<p>Dans l&rsquo;\u00e9vang\u00e9lisation, il y a la notion de conscience (\u00ab\u00a0awareness\u00a0\u00bb en anglais) de l&rsquo;ensemble de la soci\u00e9t\u00e9, savoir que \u00e7a existe et savoir \u00e0 quoi \u00e7a sert permet de distribuer les r\u00f4les plus efficacement. D\u00e9montrer que <strong>la conduite d&rsquo;un atelier n&rsquo;est que 20% du travail<\/strong> visible d&rsquo;un designer (pour ce qui est de la facilitation) et que le reste est un long travail d&rsquo;organisation, structuration et recherche qui permet de cadrer cette session de travail, peut-\u00eatre une bonne connaissance \u00e0 apporter pour \u00e9lever le niveau de conscience global.<\/p>\n<p>C&rsquo;est exactement \u00e0 l&rsquo;image de ce que les gens imaginent du design web\u00a0: \u00ab\u00a0la maquette est jolie, mais est-ce que tu peux bouger le bouton \u00e0 droite s&rsquo;il te plait\u00a0?\u00a0\u00bb. C&rsquo;est bien d&rsquo;avoir son avis sur une maquette, c&rsquo;est m\u00eame normal. Cependant derri\u00e8re l&rsquo;aspect visuel de cette maquette, il doit y avoir des heures de travail de recherche, des interviews utilisateurs, des \u00e9changes avec le business et les d\u00e9veloppeurs\u00a0; sans compter des discussions avec \u00ab\u00a0le L\u00e9gal\u00a0\u00bb pour v\u00e9rifier qu&rsquo;on est bien dans les clous, etc. C&rsquo;est seulement alors, il est possible de produire des maquettes, elles-m\u00eames con\u00e7ues avec des connaissances en esth\u00e9tique, psychologie, ergonomie et accessibilit\u00e9, pour ne lister que ce qui me vient en t\u00eate l\u00e0 tout de suite.<\/p>\n<p>Ce n&rsquo;est pas parce que vous avez des yeux que vous \u00eates designer. Ce n&rsquo;est pas parce que vous avez vu une fois la facilit\u00e9 toute relative d&rsquo;une facilitation d&rsquo;un atelier, qu&rsquo;il sera ais\u00e9 de le reproduire. Si c&rsquo;est facile, c&rsquo;est qu&rsquo;il y a eu du travail en amont.<\/p>\n<h2>Assumer son r\u00f4le et son expertise en tant que\u00a0Designer<\/h2>\n<p>Ne vous m\u00e9prenez pas, et pour celles et ceux qui me connaissent, vous savez que je suis le premier \u00e0 partager connaissances et comp\u00e9tences lors de meetups, d&rsquo;ateliers, de conf\u00e9rences ou d&rsquo;articles et vid\u00e9os sur la toile. (il y a m\u00eame un formation vid\u00e9o qui arrive \ud83d\ude1b)<\/p>\n<p>Je ne dis pas qu&rsquo;il ne faut pas former les collaborateurs, je dis simplement qu&rsquo;<strong>il faut savoir aussi leur inculquer qu&rsquo;on ne s&rsquo;improvise pas UX Designer<\/strong>. Je dis qu&rsquo;il ne suffit pas d&rsquo;\u00eatre pr\u00e9sent \u00e0 un atelier pour savoir le faciliter. Et surtout, je dis que l&rsquo;UX Design, ce n&rsquo;est pas uniquement organiser des ateliers de co-construction, ou faire des maquettes, c&rsquo;est bien plus que \u00e7a. (je n&rsquo;utiliserai pas cet article pour d\u00e9tailler ce point)<\/p>\n<p>Former et remettre au centre des r\u00e9flexions la place de l&rsquo;utilisateur\u00b7rice dans toute la strat\u00e9gie de l&rsquo;entreprise est certainement le r\u00f4le le plus complexe, et bravo si vous y arrivez.<br \/>\nPar contre, navr\u00e9 de vous l&rsquo;apprendre, mais si tout le monde s&rsquo;improvise UX Designer et a son avis \u00e0 donner \u00e0 tout bon de champ, c&rsquo;est que vous avez \u00e9chou\u00e9 dans votre r\u00f4le d&rsquo;\u00e9vang\u00e9liste. Ce n&rsquo;est pas grave, reprenez-vous, ce n&rsquo;est pas une t\u00e2che ais\u00e9e.<\/p>\n<h3>Oser dire non et revenir en arri\u00e8re<\/h3>\n<p>Dire non \u00e0 quelqu&rsquo;un qui propose de voir les utilisateur\u00b7rices \u00e0 votre place, ce n&rsquo;est pas fermer la discussion, c&rsquo;est au contraire ouvrir un sujet important qui s&rsquo;appelle l&rsquo;ing\u00e9rence.<\/p>\n<p>L&rsquo;ing\u00e9rence, cette notion qui dit qu&rsquo;une personne va interf\u00e9rer dans un espace qui est normalement le v\u00f4tre. C&rsquo;est souvent li\u00e9 \u00e0 la politique d&rsquo;un \u00c9tat, mais on utilise de plus en plus ce terme lorsque votre boss vous dit comment faire votre travail, ou lorsqu&rsquo;un\u00b7e collaborateur\u00b7rice va bien au-del\u00e0 de ses pr\u00e9rogatives et empi\u00e8te sur votre domaine de comp\u00e9tences.<\/p>\n<h3>Exemple de \u00ab\u00a0non\u00a0\u00bb ouvert<\/h3>\n<p>L&rsquo;important est de ne pas rester \u00e0 un \u00ab\u00a0non\u00a0\u00bb ferme renvoy\u00e9 \u00e0 votre coll\u00e8gue. Expliquez pourquoi est-ce que \u00e7a n&rsquo;est pas possible pour cette personne, exprimez ouvertement les points d&rsquo;attention \u00e0 avoir, le protocole en amont \u00e0 pr\u00e9parer et respecter, etc.<br \/>\n\u00c9change \u00e9dulcor\u00e9 mais issu d&rsquo;une histoire vraie, le pr\u00e9nom de George a \u00e9t\u00e9 invent\u00e9 pour l&rsquo;occasion.<\/p>\n<ul>\n<li><strong>George<\/strong> : \u00ab\u00a0Et Geoffrey, on d\u00e9marre un nouveau projet pour nos gestionnaires, ils auraient apparemment un souci pour le suivi de ces dossiers, demain on voit 3 de ces gestionnaires pour r\u00e9cup\u00e9rer leurs besoins\u00a0\u00bb.<\/li>\n<li><strong>Moi<\/strong> : \u00ab\u00a0Hello George, c&rsquo;est g\u00e9nial d&rsquo;avoir pris cette initiative, par contre je ne serai pas disponible demain. Afin d&rsquo;\u00e9viter d&rsquo;enquiquiner nos gestionnaires trop souvent, il serait bien de d\u00e9caler ce meeting \u00e0 plus tard afin que je puisse pr\u00e9parer le protocole.<br \/>\nTu sais la r\u00e9colte des besoins utilisateurs prend un peu d&rsquo;organisation en amont qu&rsquo;il me sera difficile de t&rsquo;expliquer en si peu de temps, mais si tu veux on peut en rediscuter \u00e0 l&rsquo;occasion. Je te propose de travailler sur ce protocole de mon c\u00f4t\u00e9, et entre temps, pourrais-tu me fournir un acc\u00e8s \u00e0 l&rsquo;interface existante que je puisse me faire une id\u00e9e de l&rsquo;outil avec lequel ils travaillent aujourd&rsquo;hui pour pr\u00e9parer mes questions\u00a0?<br \/>\nMerci en tout cas pour ta d\u00e9marche, \u00e7a fait plaisir de voir des gens impliqu\u00e9s.\u00a0\u00bb<\/li>\n<li><strong>George<\/strong> : \u00ab\u00a0Navr\u00e9 Geoffrey je pensais le faire moi-m\u00eame, mais je n&rsquo;avais pas conscience qu&rsquo;il y avait autant de travail en amont. Je te laisse prendre le sujet en main. M&rsquo;autorises-tu \u00e0 participer \u00e0 l&rsquo;interview ?\u00a0\u00bb<\/li>\n<\/ul>\n<p>Mon message est pourtant un \u00ab\u00a0non en fait je vais le faire\u00a0\u00bb mais cela permet d&rsquo;ouvrir la discussion avec mon coll\u00e8gue George, qui sera invit\u00e9 \u00e0 l&rsquo;interview en tant qu&rsquo;observateur (interdiction de parler) pour lui montrer l&rsquo;int\u00e9r\u00eat du long temps de pr\u00e9paration en amont.<\/p>\n<h3>Assumer votre expertise<\/h3>\n<p>Le m\u00e9tier d&rsquo;UX Designer est un vrai m\u00e9tier, il demande une longue formation et beaucoup de pratique pour \u00eatre efficace. Je ne dis pas que tout le monde ne peut pas devenir UX Designer, je dis juste que \u00e7a n&rsquo;est pas en 3 semaines de s\u00e9minaire\/formation, ou avec 1h entre midi et deux que vous allez le devenir.<\/p>\n<p>Autre aspect\u00a0: permettre \u00e0 vos collaborateur\u00b7rice\u00b7s d&#8217;empi\u00e9ter sur vos pr\u00e9rogatives vous rend responsable du fait qu&rsquo;ils vont 1, faire autre chose que leur m\u00e9tier ou t\u00e2ches, et 2, vous serez responsable du probable faible niveau de qualit\u00e9 du travail qui en d\u00e9coule. Je ne suis pas convaincu que ce soit ce que vos clients \/ employeurs souhaitent. \u263a\ufe0f<\/p>\n<h3>Transposition en dehors de l&rsquo;UX Design<\/h3>\n<p>J&rsquo;ai essay\u00e9 de transposer cette id\u00e9e de partage de la pratique d&rsquo;UX Design \u00e0 d&rsquo;autres m\u00e9tiers, et j&rsquo;ai du mal \u00e0 trouver cela logique.<br \/>\nVous \u00eates int\u00e9ress\u00e9\u00b7e par du d\u00e9veloppement web, par curiosit\u00e9, vous allez voir un\u00b7e coll\u00e8gue d\u00e9veloppeur\u00b7se pour lui dire que vous avez cod\u00e9 une partie de l&rsquo;application sur laquelle iel travaille. Bien s\u00fbr vous avez fait du Vue.js alors qu&rsquo;il a une base Angular 9, mais vous lui proposez, apr\u00e8s tout vous avez boss\u00e9 dessus \u00e7a peut servir.<\/p>\n<p>D\u00e9sol\u00e9 mais \u00e7a sonne vraiment faux\u00a0: votre coll\u00e8gue va certainement vous demander gentiment d&rsquo;aller voir ailleurs, et \u00e7a serait bien justifi\u00e9, Vue.js est une toute autre stack technique, et surtout vous n&rsquo;avez pas tout le contexte de d\u00e9veloppement, vous ignorez qu&rsquo;il y a utilisation d&rsquo;API pour l&rsquo;acc\u00e8s aux donn\u00e9es, et votre <em>front<\/em> n&rsquo;est certainement pas coh\u00e9rent par rapport au <a href=\"https:\/\/www.creativejuiz.fr\/blog\/retours-experience\/creer-design-system-societe-assurance-centenaire\">Design System<\/a> existant.<\/p>\n<p>Je n&rsquo;ai \u00e9galement pas connaissance de ce probl\u00e8me dans d&rsquo;autres domaine que \u00ab\u00a0UX\u00a0\u00bb Design. Qu&rsquo;est-ce qui fait que notre m\u00e9tier d&rsquo;UX designer, par rapport \u00e0 d&rsquo;autres branches du design, semble \u00eatre un truc qu&rsquo;on peut enseigner entre midi et 14h ? Vous avez d\u00e9j\u00e0 entendu parler d&rsquo;Architecte ou Design d&rsquo;Objet improvis\u00e9 dans le milieu du travail ? Moi jamais.<\/p>\n<p>Pourquoi l&rsquo;UX Design serait diff\u00e9rent ?<\/p>\n<h2>Proposer des s\u00e9ances d&rsquo;acculturation pour \u00e9veiller le niveau de conscience<\/h2>\n<p><img decoding=\"async\" class=\"alignnone size-full wp-image-7733\" src=\"https:\/\/www.creativejuiz.fr\/blog\/wp-content\/uploads\/2020\/12\/veille-comment@2x.jpg\" alt=\"\" width=\"1600\" height=\"600\" srcset=\"https:\/\/www.creativejuiz.fr\/blog\/wp-content\/uploads\/2020\/12\/veille-comment@2x.jpg 1600w, https:\/\/www.creativejuiz.fr\/blog\/wp-content\/uploads\/2020\/12\/veille-comment@2x-300x113.jpg 300w, https:\/\/www.creativejuiz.fr\/blog\/wp-content\/uploads\/2020\/12\/veille-comment@2x-600x225.jpg 600w, https:\/\/www.creativejuiz.fr\/blog\/wp-content\/uploads\/2020\/12\/veille-comment@2x-768x288.jpg 768w, https:\/\/www.creativejuiz.fr\/blog\/wp-content\/uploads\/2020\/12\/veille-comment@2x-1536x576.jpg 1536w\" sizes=\"(max-width: 1600px) 100vw, 1600px\" \/><\/p>\n<p>Ce que vous souhaitez certainement faire si le design est incompris dans votre soci\u00e9t\u00e9, c&rsquo;est proposer des moments tourn\u00e9s sous la forme de s\u00e9ance d&rsquo;acculturation.<\/p>\n<p>Chez <a href=\"https:\/\/www.design.foyer.lu\/\">Foyer<\/a>, nous proposons avec l&rsquo;aide du P\u00f4le Innovation des sessions d&rsquo;acculturation nomm\u00e9e BBS (<span lang=\"en\"><em>Brown Bag Session<\/em><\/span>). L&rsquo;id\u00e9e est de profiter du repas de midi pour aborder un sujet que n&rsquo;importe quel\u00b7le collaborateur\u00b7rice peut proposer sur presque n&rsquo;importe quel sujet.<\/p>\n<p>Il existe \u00e9galement un principe de vis-ma-vie en interne qui permet \u00e0 un\u00b7e collaborateur\u00b7rice de suivre une autre personne pendant 1 journ\u00e9e ou 2 afin de mieux comprendre comment cette personne travaille. (avec l&rsquo;accord des 2 personnes bien entendu)<\/p>\n<p>A la rentr\u00e9e 2021, nous allons \u00e9galement proposer une formation de 2h aux nouveaux arrivants pour davantage expliquer notre m\u00e9tier, et ce qu&rsquo;il implique, ainsi qu&rsquo;une pr\u00e9sentation de la bonne mani\u00e8re de travailler avec nous. (p\u00f4le de design)<\/p>\n<p>Ces modes de sensibilisation ne sont pas de vraies formations techniques et \u00e9vitent de mener \u00e0 la confusion : \u00ab\u00a0vous n&rsquo;avez pas les comp\u00e9tences pour faire mon m\u00e9tier \u00e0 mon niveau d&rsquo;expertise, c&rsquo;est trop demandant et vous n&rsquo;aurez pas le temps pour cela. Cependant si vous souhaitez rentrer dans le domaine et \u00e9lever votre niveau d&rsquo;expertise, libre \u00e0 vous de vous former et changer de m\u00e9tier !\u00a0\u00bb \ud83d\ude04<\/p>\n<h2>S&rsquo;il fallait conclure<\/h2>\n<p>Je ne sais pas comment conclure, et pour cause, m\u00eame si j&rsquo;ai un avis bien tranch\u00e9 assez \u00e9loign\u00e9 des Jared Spool et autres pontes qui pr\u00f4nent la pratique du design par l&rsquo;ensemble des collaborateurs, il est pour moi risqu\u00e9 et bien trop dangereux la plupart du temps d&rsquo;aller dans cette direction.<\/p>\n<p>Promouvoir le design au sein de votre soci\u00e9t\u00e9 pour exprimer le besoin de valider l&rsquo;ensemble des d\u00e9cisions par un int\u00e9r\u00eat pour l&rsquo;utilisateur ou pour le client, est pour moi primordial, mais ne doit pas mener au chaos, cet \u00e9tat o\u00f9 tout un chacun pense pouvoir pratiquer le design UX sans aucune connaissance de contexte ou d&rsquo;exp\u00e9rience, ni cadre.<\/p>\n<p>Retrouvez-moi sur <a href=\"https:\/\/twitter.com\/geoffreycrofte\">Twitter<\/a> pour en discuter \ud83d\ude42<\/p>\n","protected":false},"excerpt":{"rendered":"<p>C&rsquo;est une r\u00e9elle question que je me pose ces derniers temps, pas une formulation oratoire. Loin de l&rsquo;envie ou l&rsquo;id\u00e9e de faire du gate keeping, au regard de mon propre parcours, ou d&rsquo;apporter une r\u00e9ponse stricte \u00e0 cette question que je vous pose, mais de plus en plus de comportements de mes confr\u00e8res et cons\u0153urs [&hellip;]<\/p>\n","protected":false},"author":4,"featured_media":7740,"comment_status":"open","ping_status":"open","sticky":false,"template":"","format":"standard","meta":{"_acf_changed":false,"_bluesky_dont_syndicate":"","_bluesky_syndication_accounts":"","_bluesky_syndication_text":"","footnotes":""},"categories":[875,63],"tags":[172,910,909,693],"coauthors":[597],"class_list":["post-7739","post","type-post","status-publish","format-standard","has-post-thumbnail","hentry","category-ux-experience-utilisateur","category-actualites-diverses","tag-conseils","tag-coup-de-gueule","tag-evangelisation","tag-experience"],"acf":[],"aioseo_notices":[],"_links":{"self":[{"href":"https:\/\/www.creativejuiz.fr\/blog\/wp-json\/wp\/v2\/posts\/7739","targetHints":{"allow":["GET"]}}],"collection":[{"href":"https:\/\/www.creativejuiz.fr\/blog\/wp-json\/wp\/v2\/posts"}],"about":[{"href":"https:\/\/www.creativejuiz.fr\/blog\/wp-json\/wp\/v2\/types\/post"}],"author":[{"embeddable":true,"href":"https:\/\/www.creativejuiz.fr\/blog\/wp-json\/wp\/v2\/users\/4"}],"replies":[{"embeddable":true,"href":"https:\/\/www.creativejuiz.fr\/blog\/wp-json\/wp\/v2\/comments?post=7739"}],"version-history":[{"count":3,"href":"https:\/\/www.creativejuiz.fr\/blog\/wp-json\/wp\/v2\/posts\/7739\/revisions"}],"predecessor-version":[{"id":7745,"href":"https:\/\/www.creativejuiz.fr\/blog\/wp-json\/wp\/v2\/posts\/7739\/revisions\/7745"}],"wp:featuredmedia":[{"embeddable":true,"href":"https:\/\/www.creativejuiz.fr\/blog\/wp-json\/wp\/v2\/media\/7740"}],"wp:attachment":[{"href":"https:\/\/www.creativejuiz.fr\/blog\/wp-json\/wp\/v2\/media?parent=7739"}],"wp:term":[{"taxonomy":"category","embeddable":true,"href":"https:\/\/www.creativejuiz.fr\/blog\/wp-json\/wp\/v2\/categories?post=7739"},{"taxonomy":"post_tag","embeddable":true,"href":"https:\/\/www.creativejuiz.fr\/blog\/wp-json\/wp\/v2\/tags?post=7739"},{"taxonomy":"author","embeddable":true,"href":"https:\/\/www.creativejuiz.fr\/blog\/wp-json\/wp\/v2\/coauthors?post=7739"}],"curies":[{"name":"wp","href":"https:\/\/api.w.org\/{rel}","templated":true}]}}